{"id":33615,"date":"2023-09-28T17:14:31","date_gmt":"2023-09-28T15:14:31","guid":{"rendered":"https:\/\/www.artdanslacite.eu\/?p=33615"},"modified":"2023-09-28T17:29:18","modified_gmt":"2023-09-28T15:29:18","slug":"poesies-decoupees","status":"publish","type":"post","link":"https:\/\/www.artdanslacite.eu\/fr\/poesies-decoupees\/","title":{"rendered":"Po\u00e9sies d\u00e9coup\u00e9es &#8211; Beno\u00eet Labourdette"},"content":{"rendered":"<section class=\"wpb-content-wrapper\"><p>[vc_row][vc_column][vc_custom_heading source=\u00a0\u00bbpost_title\u00a0\u00bb font_container=\u00a0\u00bbtag:h2|font_size:64|text_align:left|color:%23ce1f6f\u00a0\u00bb google_fonts=\u00a0\u00bbfont_family:Josefin%20Slab%3A100%2C100italic%2C300%2C300italic%2Cregular%2Citalic%2C600%2C600italic%2C700%2C700italic|font_style:700%20bold%20regular%3A700%3Anormal\u00a0\u00bb css=\u00a0\u00bb.vc_custom_1695913965432{margin-top: 50px !important;margin-left: 50px !important;}\u00a0\u00bb][vc_custom_heading text=\u00a0\u00bbUne Oeuvre vid\u00e9o de Beno\u00eet Labourdette, r\u00e9alis\u00e9e \u00e0 partir de productions vid\u00e9o et musicales faites par des enfants malades \u00e0 l&rsquo;h\u00f4pital, dans le cadre d&rsquo;un atelier\u00a0\u00bb use_theme_fonts=\u00a0\u00bbyes\u00a0\u00bb][vc_column_text]Cr\u00e9ation Beno\u00eet Labourdette \u2013 Production Art dans la Cit\u00e9<\/p>\n<p>2023<\/p>\n<p>Po\u00e9sies d\u00e9coup\u00e9es est une cr\u00e9ation po\u00e9tique, visuelle et musicale, en droite ligne des collages des surr\u00e9alistes du d\u00e9but du XX\u00e8me Si\u00e8cle. Des cr\u00e9ations ont \u00e9t\u00e9 faites par des enfants malades \u00e0 l&rsquo;h\u00f4pital, encadr\u00e9s par L\u2019artiste cin\u00e9aste Beno\u00eet Labourdette. 1 vid\u00e9o en boucle &#8211; dur\u00e9e : 15 minutes et 8 vid\u00e9os individuelles &#8211; dur\u00e9e totale : 10 minutes[\/vc_column_text][vc_column_text]Le projet<\/p>\n<p>Durant l\u2019atelier, les enfants et adolescents hospitalis\u00e9s ont pu chacun cr\u00e9er leur propre petit film \u00e0 base de papier d\u00e9coup\u00e9, en associant des sonorit\u00e9s musicales.<\/p>\n<p>C\u2019est une activit\u00e9 simple, ludique, joyeuse et imm\u00e9diatement compr\u00e9hensible, qui peut \u00eatre courte ou plus longue, en fonction des possibilit\u00e9s de chacun. En groupe, avec les \u00e9quipes des \u00e9ducatrices et l\u2019artiste. Huit petits films anim\u00e9s ont pu \u00eatre r\u00e9alis\u00e9s, et mis en musique avec toutes sortes d\u2019instruments qu&rsquo;avait apport\u00e9s l&rsquo;artiste dans ses valises. Ils vont ensuite rejoindre les \u0153uvres du dispositif Illuminart<\/p>\n<p>L\u2019artiste a ensuite agenc\u00e9 chaque film de sorte \u00e0 cr\u00e9er un support pour le r\u00eave et la fantaisie, qui fera du bien \u00e0 tous, petits et grands.[\/vc_column_text][\/vc_column][\/vc_row]<\/p>\n<\/section>","protected":false},"excerpt":{"rendered":"<p>[vc_row][vc_column][vc_custom_heading source=\u00a0\u00bbpost_title\u00a0\u00bb font_container=\u00a0\u00bbtag:h2|font_size:64|text_align:left|color:%23ce1f6f\u00a0\u00bb google_fonts=\u00a0\u00bbfont_family:Josefin%20Slab%3A100%2C100italic%2C300%2C300italic%2Cregular%2Citalic%2C600%2C600italic%2C700%2C700italic|font_style:700%20bold%20regular%3A700%3Anormal\u00a0\u00bb css=\u00a0\u00bb.vc_custom_1695913965432{margin-top: 50px !important;margin-left: 50px !important;}\u00a0\u00bb][vc_custom_heading text=\u00a0\u00bbUne Oeuvre vid\u00e9o de Beno\u00eet Labourdette, r\u00e9alis\u00e9e \u00e0 partir de productions vid\u00e9o et musicales faites par des enfants malades \u00e0 l&rsquo;h\u00f4pital, dans le cadre d&rsquo;un atelier\u00a0\u00bb use_theme_fonts=\u00a0\u00bbyes\u00a0\u00bb][vc_column_text]Cr\u00e9ation Beno\u00eet Labourdette \u2013 Production<span class=\"excerpt-hellip\"> [\u2026]<\/span><\/p>\n","protected":false},"author":6,"featured_media":33616,"comment_status":"open","ping_status":"open","sticky":false,"template":"","format":"standard","meta":{"footnotes":""},"categories":[100,35],"tags":[],"class_list":["post-33615","post","type-post","status-publish","format-standard","has-post-thumbnail","hentry","category-illuminart","category-realisations"],"_links":{"self":[{"href":"https:\/\/www.artdanslacite.eu\/fr\/wp-json\/wp\/v2\/posts\/33615","targetHints":{"allow":["GET"]}}],"collection":[{"href":"https:\/\/www.artdanslacite.eu\/fr\/wp-json\/wp\/v2\/posts"}],"about":[{"href":"https:\/\/www.artdanslacite.eu\/fr\/wp-json\/wp\/v2\/types\/post"}],"author":[{"embeddable":true,"href":"https:\/\/www.artdanslacite.eu\/fr\/wp-json\/wp\/v2\/users\/6"}],"replies":[{"embeddable":true,"href":"https:\/\/www.artdanslacite.eu\/fr\/wp-json\/wp\/v2\/comments?post=33615"}],"version-history":[{"count":3,"href":"https:\/\/www.artdanslacite.eu\/fr\/wp-json\/wp\/v2\/posts\/33615\/revisions"}],"predecessor-version":[{"id":33622,"href":"https:\/\/www.artdanslacite.eu\/fr\/wp-json\/wp\/v2\/posts\/33615\/revisions\/33622"}],"wp:featuredmedia":[{"embeddable":true,"href":"https:\/\/www.artdanslacite.eu\/fr\/wp-json\/wp\/v2\/media\/33616"}],"wp:attachment":[{"href":"https:\/\/www.artdanslacite.eu\/fr\/wp-json\/wp\/v2\/media?parent=33615"}],"wp:term":[{"taxonomy":"category","embeddable":true,"href":"https:\/\/www.artdanslacite.eu\/fr\/wp-json\/wp\/v2\/categories?post=33615"},{"taxonomy":"post_tag","embeddable":true,"href":"https:\/\/www.artdanslacite.eu\/fr\/wp-json\/wp\/v2\/tags?post=33615"}],"curies":[{"name":"wp","href":"https:\/\/api.w.org\/{rel}","templated":true}]}}