{"id":32046,"date":"2022-04-03T14:48:55","date_gmt":"2022-04-03T12:48:55","guid":{"rendered":"https:\/\/www.artdanslacite.eu\/?p=32046"},"modified":"2023-09-07T17:00:02","modified_gmt":"2023-09-07T15:00:02","slug":"paysage-impressionniste","status":"publish","type":"post","link":"https:\/\/www.artdanslacite.eu\/fr\/paysage-impressionniste\/","title":{"rendered":"Paysage Impressionniste"},"content":{"rendered":"<section class=\"wpb-content-wrapper\"><p>[vc_row][vc_column][vc_custom_heading source=\u00a0\u00bbpost_title\u00a0\u00bb font_container=\u00a0\u00bbtag:h1|text_align:left\u00a0\u00bb use_theme_fonts=\u00a0\u00bbyes\u00a0\u00bb][vc_separator color=\u00a0\u00bbjuicy_pink\u00a0\u00bb align=\u00a0\u00bbalign_left\u00a0\u00bb border_width=\u00a0\u00bb5&Prime; el_width=\u00a0\u00bb10&Prime;][vc_column_text]<\/p>\n<h2>A la d\u00e9couverte de couleurs et de v\u00e9g\u00e9tations flamboyantes <span class=\"fe5nidar khvhiq1o r5qsrrlp i5tg98hk f9ovudaz przvwfww gx1rr48f gfz4du6o r7fjleex nz2484kf svot0ezm dcnh1tix sxl192xd t3g6t33p\"><span class=\"mpj7bzys xzlurrtv\">\ud83c\udf33<\/span><\/span><span class=\"fe5nidar khvhiq1o r5qsrrlp i5tg98hk f9ovudaz przvwfww gx1rr48f gfz4du6o r7fjleex nz2484kf svot0ezm dcnh1tix sxl192xd t3g6t33p\"><span class=\"mpj7bzys xzlurrtv\">\ud83d\udca7<\/span><\/span><span class=\"fe5nidar khvhiq1o r5qsrrlp i5tg98hk f9ovudaz przvwfww gx1rr48f gfz4du6o r7fjleex nz2484kf svot0ezm dcnh1tix sxl192xd t3g6t33p\"><span class=\"mpj7bzys xzlurrtv\">\ud83c\udfa8<\/span><\/span><\/h2>\n<h4>Studio Santisar<\/h4>\n<h4>2020<\/h4>\n<h4>Cette for\u00eat virtuelle fait partie des promenades multi sensorielles cr\u00e9\u00e9es pour le dispositif Illuminart. C&rsquo;est un paysage impressionniste qui propose un moment de pl\u00e9nitude, gr\u00e2ce \u00e0 une for\u00eat immersive accompagn\u00e9e de sons : vent, chant d&rsquo;oiseaux, bruissements de feuilles dans les arbres&#8230;<\/h4>\n<p>[\/vc_column_text][vc_row_inner][vc_column_inner][vc_custom_heading text=\u00a0\u00bbLe projet\u00a0\u00bb font_container=\u00a0\u00bbtag:h2|text_align:left|color:%23ed008c\u00a0\u00bb use_theme_fonts=\u00a0\u00bbyes\u00a0\u00bb][vc_separator color=\u00a0\u00bbcustom\u00a0\u00bb align=\u00a0\u00bbalign_left\u00a0\u00bb border_width=\u00a0\u00bb2&Prime; el_width=\u00a0\u00bb20&Prime; accent_color=\u00a0\u00bb#ed008c\u00a0\u00bb][vc_column_text]Paysage impressionniste est un film contemplatif, cr\u00e9\u00e9 par le studio Santisar, ayant pour inspiration les paysages impressionnistes. On se laisse guider \u00e0 la d\u00e9couverte de ces paysages oniriques, emport\u00e9s par la douceur des couleurs et des mouvements, berc\u00e9 par leur aspect surnaturel et les effets de miroitements chatoyants. On passe de tons vert tendre \u00e0 des teintes plus acidul\u00e9es, du violet au pourpre et au rose fuchsia, m\u00eal\u00e9s de reflets d\u2019eau ou de lumi\u00e8re qui se confondent dans la v\u00e9g\u00e9tation, offrant un parcours scand\u00e9 de moments dynamiques ou plus calmes.[\/vc_column_text][\/vc_column_inner][\/vc_row_inner][\/vc_column][\/vc_row][vc_row][vc_column][vc_custom_heading text=\u00a0\u00bbExtraits de Paysage impressionniste\u00a0\u00bb font_container=\u00a0\u00bbtag:h2|text_align:left|color:%23ed008c\u00a0\u00bb use_theme_fonts=\u00a0\u00bbyes\u00a0\u00bb][vc_row_inner][vc_column_inner][vc_separator color=\u00a0\u00bbcustom\u00a0\u00bb align=\u00a0\u00bbalign_left\u00a0\u00bb border_width=\u00a0\u00bb2&Prime; el_width=\u00a0\u00bb20&Prime; accent_color=\u00a0\u00bb#ed008c\u00a0\u00bb][\/vc_column_inner][\/vc_row_inner][vc_video link=\u00a0\u00bbhttps:\/\/vimeo.com\/768108061&Prime; el_width=\u00a0\u00bb40&Prime;][vc_custom_heading text=\u00a0\u00bbLa galerie photos\u00a0\u00bb use_theme_fonts=\u00a0\u00bbyes\u00a0\u00bb][vc_separator color=\u00a0\u00bbjuicy_pink\u00a0\u00bb align=\u00a0\u00bbalign_left\u00a0\u00bb border_width=\u00a0\u00bb2&Prime; el_width=\u00a0\u00bb10&Prime;][vc_gallery type=\u00a0\u00bbimage_grid\u00a0\u00bb images=\u00a0\u00bb32059,32061,32063&Prime; img_size=\u00a0\u00bb\u00a0\u00bb][\/vc_column][\/vc_row]<\/p>\n<\/section>","protected":false},"excerpt":{"rendered":"<p>[vc_row][vc_column][vc_custom_heading source=\u00a0\u00bbpost_title\u00a0\u00bb font_container=\u00a0\u00bbtag:h1|text_align:left\u00a0\u00bb use_theme_fonts=\u00a0\u00bbyes\u00a0\u00bb][vc_separator color=\u00a0\u00bbjuicy_pink\u00a0\u00bb align=\u00a0\u00bbalign_left\u00a0\u00bb border_width=\u00a0\u00bb5&Prime; el_width=\u00a0\u00bb10&Prime;][vc_column_text] A la d\u00e9couverte de couleurs et de v\u00e9g\u00e9tations flamboyantes \ud83c\udf33\ud83d\udca7\ud83c\udfa8 Studio Santisar 2020 Cette for\u00eat virtuelle fait partie des promenades multi sensorielles cr\u00e9\u00e9es pour le dispositif Illuminart. C&rsquo;est un paysage impressionniste qui<span class=\"excerpt-hellip\"> [\u2026]<\/span><\/p>\n","protected":false},"author":1,"featured_media":32061,"comment_status":"closed","ping_status":"open","sticky":false,"template":"","format":"standard","meta":{"footnotes":""},"categories":[100,35],"tags":[],"class_list":["post-32046","post","type-post","status-publish","format-standard","has-post-thumbnail","hentry","category-illuminart","category-realisations"],"_links":{"self":[{"href":"https:\/\/www.artdanslacite.eu\/fr\/wp-json\/wp\/v2\/posts\/32046","targetHints":{"allow":["GET"]}}],"collection":[{"href":"https:\/\/www.artdanslacite.eu\/fr\/wp-json\/wp\/v2\/posts"}],"about":[{"href":"https:\/\/www.artdanslacite.eu\/fr\/wp-json\/wp\/v2\/types\/post"}],"author":[{"embeddable":true,"href":"https:\/\/www.artdanslacite.eu\/fr\/wp-json\/wp\/v2\/users\/1"}],"replies":[{"embeddable":true,"href":"https:\/\/www.artdanslacite.eu\/fr\/wp-json\/wp\/v2\/comments?post=32046"}],"version-history":[{"count":3,"href":"https:\/\/www.artdanslacite.eu\/fr\/wp-json\/wp\/v2\/posts\/32046\/revisions"}],"predecessor-version":[{"id":32105,"href":"https:\/\/www.artdanslacite.eu\/fr\/wp-json\/wp\/v2\/posts\/32046\/revisions\/32105"}],"wp:featuredmedia":[{"embeddable":true,"href":"https:\/\/www.artdanslacite.eu\/fr\/wp-json\/wp\/v2\/media\/32061"}],"wp:attachment":[{"href":"https:\/\/www.artdanslacite.eu\/fr\/wp-json\/wp\/v2\/media?parent=32046"}],"wp:term":[{"taxonomy":"category","embeddable":true,"href":"https:\/\/www.artdanslacite.eu\/fr\/wp-json\/wp\/v2\/categories?post=32046"},{"taxonomy":"post_tag","embeddable":true,"href":"https:\/\/www.artdanslacite.eu\/fr\/wp-json\/wp\/v2\/tags?post=32046"}],"curies":[{"name":"wp","href":"https:\/\/api.w.org\/{rel}","templated":true}]}}