{"id":31658,"date":"2022-10-13T12:32:19","date_gmt":"2022-10-13T10:32:19","guid":{"rendered":"https:\/\/www.artdanslacite.eu\/?p=31658"},"modified":"2022-10-17T16:42:17","modified_gmt":"2022-10-17T14:42:17","slug":"illuminart-fait-rentrer-la-beaute-des-parcs-animal-et-vegetal-a-lhopital","status":"publish","type":"post","link":"https:\/\/www.artdanslacite.eu\/fr\/illuminart-fait-rentrer-la-beaute-des-parcs-animal-et-vegetal-a-lhopital\/","title":{"rendered":"Illuminart : faire entrer la beaut\u00e9 des parcs, animalier et v\u00e9g\u00e9tal, \u00e0 l\u2019h\u00f4pital."},"content":{"rendered":"<section class=\"wpb-content-wrapper\"><p>[vc_row][vc_column][vc_custom_heading source=\u00a0\u00bbpost_title\u00a0\u00bb font_container=\u00a0\u00bbtag:h1|text_align:left\u00a0\u00bb use_theme_fonts=\u00a0\u00bbyes\u00a0\u00bb][vc_separator color=\u00a0\u00bbjuicy_pink\u00a0\u00bb align=\u00a0\u00bbalign_left\u00a0\u00bb border_width=\u00a0\u00bb5&Prime; el_width=\u00a0\u00bb10&Prime;][\/vc_column][\/vc_row][vc_row][vc_column][vc_column_text]\u00ab<em>L\u2019outil Illuminart vient compl\u00e9ter les ressources en situation d\u2019actes potentiellement douloureux<\/em><em>. <\/em><em>Il sera \u00e9galement un outil dans les soins complexes de la fin de vie pour certains patients<\/em>.\u00a0\u00bb Le Dr Petronela Rachieru-Sourisseau est en charge de l\u2019unit\u00e9 Douleur du CH d\u2019Angers qui re\u00e7oit pr\u00e8s de 600 enfants par an et est appel\u00e9e pour participer \u00e0 environ 800 actes potentiellement douloureux par an. Plus largement, c\u2019est tout le service de p\u00e9diatrie qui va b\u00e9n\u00e9ficier du dispositif Illuminart et de ses contenus artistiques. Infirmi\u00e8res, psychologues, \u00e9ducatrices, m\u00e9decins ont \u00e9t\u00e9 initi\u00e9s \u00e0 son utilisation et se sont r\u00e9jouis de la vari\u00e9t\u00e9 des applications \u00ab\u00a0<em>Il y en a pour tous les \u00e2ges et tous les go\u00fbts\u00a0!<\/em>\u00a0\u00bb.<\/p>\n<p>Et c\u2019est dans ce service qu\u2019a germ\u00e9 l\u2019id\u00e9e de la derni\u00e8re \u0153uvre Illuminart, Cache-cache Parc. En 2022, ADLC souhaite d\u00e9velopper davantage de contenus pour son dispositif Illuminart, une nouvelle \u0153uvre immersive et au cours de ses \u00e9changes avec ses diff\u00e9rents partenaires, notamment hospitaliers, le monde animal, la nature, la biodiversit\u00e9, le grand air etc. sont les th\u00e8mes et besoins les plus souvent mentionn\u00e9s.<\/p>\n<p>Le Dr Rachieru-Sourrisseau sugg\u00e8re de s\u2019inspirer du Bioparc de Dou\u00e9 la Fontaine <span class=\"fe5nidar khvhiq1o r5qsrrlp i5tg98hk f9ovudaz przvwfww gx1rr48f gfz4du6o r7fjleex nz2484kf svot0ezm dcnh1tix sxl192xd t3g6t33p\"><span class=\"mpj7bzys xzlurrtv\">\ud83e\udd81<\/span><\/span><span class=\"fe5nidar khvhiq1o r5qsrrlp i5tg98hk f9ovudaz przvwfww gx1rr48f gfz4du6o r7fjleex nz2484kf svot0ezm dcnh1tix sxl192xd t3g6t33p\"><span class=\"mpj7bzys xzlurrtv\">\ud83e\udd9c<\/span><\/span><span class=\"fe5nidar khvhiq1o r5qsrrlp i5tg98hk f9ovudaz przvwfww gx1rr48f gfz4du6o r7fjleex nz2484kf svot0ezm dcnh1tix sxl192xd t3g6t33p\"><span class=\"mpj7bzys xzlurrtv\">\ud83d\udc27<\/span><\/span><span class=\"fe5nidar khvhiq1o r5qsrrlp i5tg98hk f9ovudaz przvwfww gx1rr48f gfz4du6o r7fjleex nz2484kf svot0ezm dcnh1tix sxl192xd t3g6t33p\"><span class=\"mpj7bzys xzlurrtv\">\ud83e\udd92<\/span><\/span><span class=\"fe5nidar khvhiq1o r5qsrrlp i5tg98hk f9ovudaz przvwfww gx1rr48f gfz4du6o r7fjleex nz2484kf svot0ezm dcnh1tix sxl192xd t3g6t33p\"><span class=\"mpj7bzys xzlurrtv\">\ud83e\udda9<\/span><\/span>, un parc zoologique engag\u00e9 dans la protection de la biodiversit\u00e9 dans le monde. Le Pr Guillaume Podevin, chef du p\u00f4le Femme M\u00e8re Enfant du CH d\u2019Angers, sugg\u00e8re Terra Botanica <span class=\"fe5nidar khvhiq1o r5qsrrlp i5tg98hk f9ovudaz przvwfww gx1rr48f gfz4du6o r7fjleex nz2484kf svot0ezm dcnh1tix sxl192xd t3g6t33p\"><span class=\"mpj7bzys xzlurrtv\">\ud83c\udf3f<\/span><\/span><span class=\"fe5nidar khvhiq1o r5qsrrlp i5tg98hk f9ovudaz przvwfww gx1rr48f gfz4du6o r7fjleex nz2484kf svot0ezm dcnh1tix sxl192xd t3g6t33p\"><span class=\"mpj7bzys xzlurrtv\">\ud83c\udff5\ufe0f<\/span><\/span><span class=\"fe5nidar khvhiq1o r5qsrrlp i5tg98hk f9ovudaz przvwfww gx1rr48f gfz4du6o r7fjleex nz2484kf svot0ezm dcnh1tix sxl192xd t3g6t33p\"><span class=\"mpj7bzys xzlurrtv\">\ud83c\udf31<\/span><\/span><span class=\"fe5nidar khvhiq1o r5qsrrlp i5tg98hk f9ovudaz przvwfww gx1rr48f gfz4du6o r7fjleex nz2484kf svot0ezm dcnh1tix sxl192xd t3g6t33p\"><span class=\"mpj7bzys xzlurrtv\">\ud83c\udf3b<\/span><\/span><span class=\"fe5nidar khvhiq1o r5qsrrlp i5tg98hk f9ovudaz przvwfww gx1rr48f gfz4du6o r7fjleex nz2484kf svot0ezm dcnh1tix sxl192xd t3g6t33p\"><span class=\"mpj7bzys xzlurrtv\">\ud83e\udeb4<\/span><\/span><span class=\"fe5nidar khvhiq1o r5qsrrlp i5tg98hk f9ovudaz przvwfww gx1rr48f gfz4du6o r7fjleex nz2484kf svot0ezm dcnh1tix sxl192xd t3g6t33p\"><span class=\"mpj7bzys xzlurrtv\">\ud83c\udf35<\/span><\/span>, un parc engag\u00e9 dans la mise en valeur et la protection de l\u2019univers du v\u00e9g\u00e9tal et de la biodiversit\u00e9. Ces deux parcs, embl\u00e9matiques du Maine et Loire, pr\u00e9sentent un haut potentiel cr\u00e9atif artistique.<\/p>\n<p>Cr\u00e9er une \u0153uvre \u00e0 partir de parcs existants permet de jeter un pont avec l\u2019ext\u00e9rieur. C\u2019est un moyen pour les jeunes patients de se projeter hors des murs de l\u2019h\u00f4pital et en dehors du temps d\u2019hospitalisation.<\/p>\n<p>Le service est naturellement associ\u00e9 \u00e0 la production de l\u2019\u0153uvre <a href=\"https:\/\/www.artdanslacite.eu\/fr\/cache-cache-parc\/\">Cache-cache Parc<\/a>, et a \u00e9chang\u00e9 avec les artistes. Le 12 octobre, ADLC a remis officiellement Illuminart \u00e0 l\u2019\u00e9quipe du Dr Rachieru et du Pr Podevin ainsi que la nouvelle \u0153uvre Cache-cache Parc, en pr\u00e9sence de Mme Pricille Formon, de M\u00e9c\u00e8ne &amp; Loire. Leurs retours permettront d\u2019ajuster et finaliser l\u2019\u0153uvre d\u2019ici la fin de l\u2019ann\u00e9e.<\/p>\n<p>Merci \u00e0 nos partenaires: Fondation de France, Fondation Air France, M\u00e9c\u00e8ne &amp; Loire, minist\u00e8re de la Culture et Fondation Keyrus.[\/vc_column_text][\/vc_column][\/vc_row][vc_row][vc_column][vc_column_text]<\/p>\n<p>[\/vc_column_text][\/vc_column][\/vc_row]<\/p>\n<\/section>","protected":false},"excerpt":{"rendered":"<p>C\u2019est avec les m\u00e9decins du service de p\u00e9diatrie, Dr Rachieru et Pr Podevin, qu\u2019a germ\u00e9 l\u2019id\u00e9e d\u2019une \u0153uvre autour de parcs animalier et v\u00e9g\u00e9tal\u2026<\/p>\n","protected":false},"author":6,"featured_media":31663,"comment_status":"closed","ping_status":"closed","sticky":false,"template":"","format":"standard","meta":{"footnotes":""},"categories":[47],"tags":[],"class_list":["post-31658","post","type-post","status-publish","format-standard","has-post-thumbnail","hentry","category-actualites"],"_links":{"self":[{"href":"https:\/\/www.artdanslacite.eu\/fr\/wp-json\/wp\/v2\/posts\/31658","targetHints":{"allow":["GET"]}}],"collection":[{"href":"https:\/\/www.artdanslacite.eu\/fr\/wp-json\/wp\/v2\/posts"}],"about":[{"href":"https:\/\/www.artdanslacite.eu\/fr\/wp-json\/wp\/v2\/types\/post"}],"author":[{"embeddable":true,"href":"https:\/\/www.artdanslacite.eu\/fr\/wp-json\/wp\/v2\/users\/6"}],"replies":[{"embeddable":true,"href":"https:\/\/www.artdanslacite.eu\/fr\/wp-json\/wp\/v2\/comments?post=31658"}],"version-history":[{"count":3,"href":"https:\/\/www.artdanslacite.eu\/fr\/wp-json\/wp\/v2\/posts\/31658\/revisions"}],"predecessor-version":[{"id":31728,"href":"https:\/\/www.artdanslacite.eu\/fr\/wp-json\/wp\/v2\/posts\/31658\/revisions\/31728"}],"wp:featuredmedia":[{"embeddable":true,"href":"https:\/\/www.artdanslacite.eu\/fr\/wp-json\/wp\/v2\/media\/31663"}],"wp:attachment":[{"href":"https:\/\/www.artdanslacite.eu\/fr\/wp-json\/wp\/v2\/media?parent=31658"}],"wp:term":[{"taxonomy":"category","embeddable":true,"href":"https:\/\/www.artdanslacite.eu\/fr\/wp-json\/wp\/v2\/categories?post=31658"},{"taxonomy":"post_tag","embeddable":true,"href":"https:\/\/www.artdanslacite.eu\/fr\/wp-json\/wp\/v2\/tags?post=31658"}],"curies":[{"name":"wp","href":"https:\/\/api.w.org\/{rel}","templated":true}]}}