{"id":31601,"date":"2022-09-15T16:03:36","date_gmt":"2022-09-15T14:03:36","guid":{"rendered":"https:\/\/www.artdanslacite.eu\/?p=31601"},"modified":"2022-10-17T18:19:10","modified_gmt":"2022-10-17T16:19:10","slug":"la-nouvelle-oeuvre-illuminart-en-cours-de-creation-presentee-au-ch-dangers-%e2%98%98%ef%b8%8f%f0%9f%a6%8a%f0%9f%8c%b5","status":"publish","type":"post","link":"https:\/\/www.artdanslacite.eu\/fr\/la-nouvelle-oeuvre-illuminart-en-cours-de-creation-presentee-au-ch-dangers-%e2%98%98%ef%b8%8f%f0%9f%a6%8a%f0%9f%8c%b5\/","title":{"rendered":"La nouvelle oeuvre Illuminart en cours de cr\u00e9ation pr\u00e9sent\u00e9e au CH d&rsquo;Angers \u2618\ufe0f\ud83e\udd8a\ud83c\udf35"},"content":{"rendered":"<section class=\"wpb-content-wrapper\"><p>[vc_row][vc_column][vc_custom_heading source=\u00a0\u00bbpost_title\u00a0\u00bb font_container=\u00a0\u00bbtag:h1|text_align:left\u00a0\u00bb use_theme_fonts=\u00a0\u00bbyes\u00a0\u00bb][vc_separator color=\u00a0\u00bbjuicy_pink\u00a0\u00bb align=\u00a0\u00bbalign_left\u00a0\u00bb border_width=\u00a0\u00bb5&Prime; el_width=\u00a0\u00bb10&Prime;][\/vc_column][\/vc_row][vc_row][vc_column][vc_column_text]\ud83c\udfa8\ud83c\udfe5A la rentr\u00e9e, Art dans la Cit\u00e9 au CHU d&rsquo;Angers avec deux artistes, Alex &amp; Gab, pour pr\u00e9senter \u00e0 l\u2019\u00e9quipe de p\u00e9diatrie une \u0153uvre d\u2019art num\u00e9rique en cours de cr\u00e9ation\u2026<br \/>\n\ud83d\udc69\u200d\ud83c\udfa8\ud83d\udc69\u200d\ud83c\udfa8Les artistes ont pu \u00e9changer avec les soignants, c\u2019est capital\u00a0! \ud83d\udc69\u200d\u2695\ufe0f\ud83d\udc68\u200d\u2695\ufe0f<\/p>\n<p>Leurs retours ont nourri les artistes qui ont encore quelques semaines de travail. Ils vont pouvoir finaliser cette \u0153uvre interactive qui sera bient\u00f4t diffus\u00e9e dans les chambres et les salles de soins gr\u00e2ce \u00e0 notre dispositif Illuminart.<\/p>\n<p>Il s&rsquo;agit d&rsquo;une oeuvre interactive et qui met en sc\u00e8ne des plantes et des animaux&#8230;<br \/>\nOn ne vous en dit pas plus pour le moment\u00a0! \ud83e\udd2b<br \/>\n\u2618\ufe0f\ud83e\udd81\ud83c\udf3f\ud83d\udc27\ud83c\udf35\ud83e\udd8a<\/p>\n<p>Un grand merci au Pr. Guillaume Podevin, \u00e0 Dr Petronela Rachieru et \u00e0 toute l\u2019\u00e9quipe pour leur accueil et leurs pr\u00e9cieuses contributions.<\/p>\n<p>Et \u00e0 nos partenaires: M\u00e9c\u00e8ne &amp; Loire, Fondation de France, Fondation Air France, fondation Keyrus, le minist\u00e8re de la Culture, le Bioparc de Dou\u00e9 la Fontaine et Terra Botanica.[\/vc_column_text][\/vc_column][\/vc_row][vc_row][vc_column][vc_column_text]<\/p>\n<p>[\/vc_column_text][\/vc_column][\/vc_row]<\/p>\n<\/section>","protected":false},"excerpt":{"rendered":"<p>Cache-cache Parc, une oeuvre interactive et qui c\u00e9l\u00e8bre la nature&#8230;<\/p>\n","protected":false},"author":6,"featured_media":31707,"comment_status":"closed","ping_status":"closed","sticky":false,"template":"","format":"standard","meta":{"footnotes":""},"categories":[47],"tags":[],"class_list":["post-31601","post","type-post","status-publish","format-standard","has-post-thumbnail","hentry","category-actualites"],"_links":{"self":[{"href":"https:\/\/www.artdanslacite.eu\/fr\/wp-json\/wp\/v2\/posts\/31601","targetHints":{"allow":["GET"]}}],"collection":[{"href":"https:\/\/www.artdanslacite.eu\/fr\/wp-json\/wp\/v2\/posts"}],"about":[{"href":"https:\/\/www.artdanslacite.eu\/fr\/wp-json\/wp\/v2\/types\/post"}],"author":[{"embeddable":true,"href":"https:\/\/www.artdanslacite.eu\/fr\/wp-json\/wp\/v2\/users\/6"}],"replies":[{"embeddable":true,"href":"https:\/\/www.artdanslacite.eu\/fr\/wp-json\/wp\/v2\/comments?post=31601"}],"version-history":[{"count":3,"href":"https:\/\/www.artdanslacite.eu\/fr\/wp-json\/wp\/v2\/posts\/31601\/revisions"}],"predecessor-version":[{"id":31615,"href":"https:\/\/www.artdanslacite.eu\/fr\/wp-json\/wp\/v2\/posts\/31601\/revisions\/31615"}],"wp:featuredmedia":[{"embeddable":true,"href":"https:\/\/www.artdanslacite.eu\/fr\/wp-json\/wp\/v2\/media\/31707"}],"wp:attachment":[{"href":"https:\/\/www.artdanslacite.eu\/fr\/wp-json\/wp\/v2\/media?parent=31601"}],"wp:term":[{"taxonomy":"category","embeddable":true,"href":"https:\/\/www.artdanslacite.eu\/fr\/wp-json\/wp\/v2\/categories?post=31601"},{"taxonomy":"post_tag","embeddable":true,"href":"https:\/\/www.artdanslacite.eu\/fr\/wp-json\/wp\/v2\/tags?post=31601"}],"curies":[{"name":"wp","href":"https:\/\/api.w.org\/{rel}","templated":true}]}}