{"id":31473,"date":"2022-02-08T08:49:01","date_gmt":"2022-02-08T07:49:01","guid":{"rendered":"https:\/\/www.artdanslacite.eu\/?p=31473"},"modified":"2022-09-30T16:19:31","modified_gmt":"2022-09-30T14:19:31","slug":"une-oeuvre-numerique-projetee-sur-le-sol-dune-salle-dattente-lartiste-benoit-labourdette-etait-au-ch-de-flers-normandie","status":"publish","type":"post","link":"https:\/\/www.artdanslacite.eu\/fr\/une-oeuvre-numerique-projetee-sur-le-sol-dune-salle-dattente-lartiste-benoit-labourdette-etait-au-ch-de-flers-normandie\/","title":{"rendered":"Une \u0153uvre num\u00e9rique projet\u00e9e sur le sol d\u2019une salle d\u2019attente, l\u2019artiste Beno\u00eet Labourdette au CH de Flers (Normandie)."},"content":{"rendered":"<section class=\"wpb-content-wrapper\"><p>[vc_row][vc_column][vc_custom_heading source=\u00a0\u00bbpost_title\u00a0\u00bb font_container=\u00a0\u00bbtag:h1|text_align:left\u00a0\u00bb use_theme_fonts=\u00a0\u00bbyes\u00a0\u00bb][vc_separator color=\u00a0\u00bbjuicy_pink\u00a0\u00bb align=\u00a0\u00bbalign_left\u00a0\u00bb border_width=\u00a0\u00bb5&Prime; el_width=\u00a0\u00bb10&Prime;][\/vc_column][\/vc_row][vc_row][vc_column][vc_column_text]Le projet de Beno\u00eet Labourdette \u00ab\u00a0Sur la plage de mon imaginaire\u00a0\u00bb, consiste \u00e0 projeter au sol de la salle d\u2019attente des vid\u00e9os en tr\u00e8s grand format, au ralenti. L\u2019espace choisi est une salle d\u2019attente au carrefour des consultations externes (chirurgie, orthop\u00e9die, dentaire, digestif, dermato, pneumo etc.) qui accueille tous publics. Il s\u2019agit pour le CH de \u00ab d\u00e9mystifier un lieu de sant\u00e9 et d\u2019y apporter apaisement et s\u00e9r\u00e9nit\u00e9 \u00bb (J. Loudi\u00e8re, r\u00e9f\u00e9rente Culture Sant\u00e9).<\/p>\n<p>Le projet propose des images presque abstraites, la projection est subtile, tr\u00e8s tr\u00e8s lente, et le visiteur qui s\u2019y attarde peut y voir une peinture au sol avant de remarquer le mouvement. L\u2019\u0153uvre est ainsi propos\u00e9e mais non impos\u00e9e aux patients.<\/p>\n<p>L\u2019artiste a visit\u00e9 les lieux, pris connaissance avec l\u2019environnement de l\u2019h\u00f4pital, a \u00e9chang\u00e9 avec plusieurs soignants. \u00a0C\u2019est avec eux qu\u2019il pourra d\u00e9terminer le choix des images, la vitesse de projection, l\u2019intensit\u00e9 des contrastes etc.<\/p>\n<p>L\u2019artiste a produit des images mais il tient \u00e0 associer <strong>l\u2019<\/strong>\u00e9quipe soignante \u00e0 la s\u00e9lection. Il est aussi \u00e0 leur \u00e9coute et s\u2019inspire de leurs t\u00e9moignages pour aller tourner d\u2019autres images.<\/p>\n<p>Un atelier sera propos\u00e9 aux soignants pour prendre des images \u00e0 proximit\u00e9 du CH. Et Beno\u00eet Labourdette souhaite aller encore plus loin dans la d\u00e9marche de cocr\u00e9ation, en proposant, lors de cette visite que les soignants soumettent leurs propres vid\u00e9os. En coop\u00e9ration avec Art dans la Cit\u00e9, il va partager avec eux un petit guide pour les accompagner dans cette d\u00e9marche.<\/p>\n<p>L\u2019artiste a pu faire des essais de projection et \u00e9chang\u00e9 avec les responsables technique et s\u00e9curit\u00e9 de l\u2019h\u00f4pital.<\/p>\n<p>Prochaine \u00e9tape en f\u00e9vrier\u00a0: l\u2019atelier vid\u00e9o avec les soignants.[\/vc_column_text][vc_video link=\u00a0\u00bb\u00a0\u00bb title=\u00a0\u00bbilluminart un dispositif innovant pour accompagner le parcours de soins\u00a0\u00bb][\/vc_column][\/vc_row][vc_row][vc_column][vc_column_text]<\/p>\n<p>[\/vc_column_text][\/vc_column][\/vc_row]<\/p>\n<\/section>","protected":false},"excerpt":{"rendered":"<p>Retard\u00e9 par la crise sanitaire, ce projet artistique \u00e9tait tr\u00e8s attendu par les \u00e9quipes du CH qui sont invit\u00e9es \u00e0 participer \u00e0 la phase de cr\u00e9ation.<\/p>\n","protected":false},"author":6,"featured_media":31490,"comment_status":"closed","ping_status":"closed","sticky":false,"template":"","format":"standard","meta":{"footnotes":""},"categories":[47],"tags":[],"class_list":["post-31473","post","type-post","status-publish","format-standard","has-post-thumbnail","hentry","category-actualites"],"_links":{"self":[{"href":"https:\/\/www.artdanslacite.eu\/fr\/wp-json\/wp\/v2\/posts\/31473","targetHints":{"allow":["GET"]}}],"collection":[{"href":"https:\/\/www.artdanslacite.eu\/fr\/wp-json\/wp\/v2\/posts"}],"about":[{"href":"https:\/\/www.artdanslacite.eu\/fr\/wp-json\/wp\/v2\/types\/post"}],"author":[{"embeddable":true,"href":"https:\/\/www.artdanslacite.eu\/fr\/wp-json\/wp\/v2\/users\/6"}],"replies":[{"embeddable":true,"href":"https:\/\/www.artdanslacite.eu\/fr\/wp-json\/wp\/v2\/comments?post=31473"}],"version-history":[{"count":2,"href":"https:\/\/www.artdanslacite.eu\/fr\/wp-json\/wp\/v2\/posts\/31473\/revisions"}],"predecessor-version":[{"id":31624,"href":"https:\/\/www.artdanslacite.eu\/fr\/wp-json\/wp\/v2\/posts\/31473\/revisions\/31624"}],"wp:featuredmedia":[{"embeddable":true,"href":"https:\/\/www.artdanslacite.eu\/fr\/wp-json\/wp\/v2\/media\/31490"}],"wp:attachment":[{"href":"https:\/\/www.artdanslacite.eu\/fr\/wp-json\/wp\/v2\/media?parent=31473"}],"wp:term":[{"taxonomy":"category","embeddable":true,"href":"https:\/\/www.artdanslacite.eu\/fr\/wp-json\/wp\/v2\/categories?post=31473"},{"taxonomy":"post_tag","embeddable":true,"href":"https:\/\/www.artdanslacite.eu\/fr\/wp-json\/wp\/v2\/tags?post=31473"}],"curies":[{"name":"wp","href":"https:\/\/api.w.org\/{rel}","templated":true}]}}