{"id":30951,"date":"2020-02-13T11:06:54","date_gmt":"2020-02-13T10:06:54","guid":{"rendered":"https:\/\/www.artdanslacite.eu\/?p=30951"},"modified":"2020-02-13T12:25:15","modified_gmt":"2020-02-13T11:25:15","slug":"illuminart-museum-notre-premiere-exposition-sur-les-paysages","status":"publish","type":"post","link":"https:\/\/www.artdanslacite.eu\/fr\/illuminart-museum-notre-premiere-exposition-sur-les-paysages\/","title":{"rendered":"Illuminart Museum : Notre premi\u00e8re exposition sur les \u00ab Paysages \u00bb"},"content":{"rendered":"<section class=\"wpb-content-wrapper\"><p>[vc_row][vc_column][vc_custom_heading text=\u00a0\u00bbOuverture de la premi\u00e8re exposition sur le Paysage dans notre Museum Illuminart\u00a0\u00bb font_container=\u00a0\u00bbtag:h1|text_align:left\u00a0\u00bb use_theme_fonts=\u00a0\u00bbyes\u00a0\u00bb][vc_separator color=\u00a0\u00bbjuicy_pink\u00a0\u00bb align=\u00a0\u00bbalign_left\u00a0\u00bb border_width=\u00a0\u00bb5&Prime; el_width=\u00a0\u00bb10&Prime;][\/vc_column][\/vc_row][vc_row][vc_column][vc_column_text]Notre premi\u00e8re exposition sur les \u00ab Paysages \u00bb vient d\u2019ouvrir. Une belle promenade dans les nouvelles salles de notre mus\u00e9e \u00e0 la d\u00e9couverte d\u2019artistes ayant peint des paysage r\u00e9els ou fantastiques. Ici William Turner, qui a peint le Lac de Zug en 1843 \u00e0 l\u2019aquarelle. Novateur et audacieux, ce pr\u00e9curseur des impressionnistes \u00e9tait un peintre de la lumi\u00e8re. Le soleil se l\u00e8ve sur un paysage enchanteur, invitant \u00e0 la r\u00eaverie et au plaisir de la d\u00e9tente\u2026 d\u2019autres tableaux sur le paysage \u00e0 d\u00e9couvrir dans les 4 salles qui lui sont consacr\u00e9s dans le Museum Illuminart[\/vc_column_text][\/vc_column][\/vc_row][vc_row][vc_column][vc_column_text]\u2026 d\u2019autres tableaux sur le paysage \u00e0 d\u00e9couvrir dans les 4 salles qui lui sont consacr\u00e9s dans le Museum Illuminart<\/p>\n<p><img loading=\"lazy\" decoding=\"async\" class=\"alignnone size-medium wp-image-30968\" src=\"https:\/\/www.artdanslacite.eu\/wp-content\/uploads\/2020\/02\/7.-edgar-degas-300x225.jpg\" alt=\"\" width=\"300\" height=\"225\" srcset=\"https:\/\/www.artdanslacite.eu\/wp-content\/uploads\/2020\/02\/7.-edgar-degas-300x225.jpg 300w, https:\/\/www.artdanslacite.eu\/wp-content\/uploads\/2020\/02\/7.-edgar-degas-1024x766.jpg 1024w, https:\/\/www.artdanslacite.eu\/wp-content\/uploads\/2020\/02\/7.-edgar-degas-768x575.jpg 768w, https:\/\/www.artdanslacite.eu\/wp-content\/uploads\/2020\/02\/7.-edgar-degas-1536x1150.jpg 1536w, https:\/\/www.artdanslacite.eu\/wp-content\/uploads\/2020\/02\/7.-edgar-degas-2048x1533.jpg 2048w, https:\/\/www.artdanslacite.eu\/wp-content\/uploads\/2020\/02\/7.-edgar-degas-195x146.jpg 195w, https:\/\/www.artdanslacite.eu\/wp-content\/uploads\/2020\/02\/7.-edgar-degas-50x37.jpg 50w, https:\/\/www.artdanslacite.eu\/wp-content\/uploads\/2020\/02\/7.-edgar-degas-100x75.jpg 100w, https:\/\/www.artdanslacite.eu\/wp-content\/uploads\/2020\/02\/7.-edgar-degas-960x720.jpg 960w\" sizes=\"auto, (max-width: 300px) 100vw, 300px\" \/><img loading=\"lazy\" decoding=\"async\" class=\"alignnone wp-image-30971\" src=\"https:\/\/www.artdanslacite.eu\/wp-content\/uploads\/2020\/02\/5.-Claude-MONET-300x195.jpg\" alt=\"\" width=\"342\" height=\"222\" srcset=\"https:\/\/www.artdanslacite.eu\/wp-content\/uploads\/2020\/02\/5.-Claude-MONET-300x195.jpg 300w, https:\/\/www.artdanslacite.eu\/wp-content\/uploads\/2020\/02\/5.-Claude-MONET-1024x666.jpg 1024w, https:\/\/www.artdanslacite.eu\/wp-content\/uploads\/2020\/02\/5.-Claude-MONET-768x500.jpg 768w, https:\/\/www.artdanslacite.eu\/wp-content\/uploads\/2020\/02\/5.-Claude-MONET-1536x999.jpg 1536w, https:\/\/www.artdanslacite.eu\/wp-content\/uploads\/2020\/02\/5.-Claude-MONET-2048x1332.jpg 2048w, https:\/\/www.artdanslacite.eu\/wp-content\/uploads\/2020\/02\/5.-Claude-MONET-224x146.jpg 224w, https:\/\/www.artdanslacite.eu\/wp-content\/uploads\/2020\/02\/5.-Claude-MONET-50x33.jpg 50w, https:\/\/www.artdanslacite.eu\/wp-content\/uploads\/2020\/02\/5.-Claude-MONET-115x75.jpg 115w\" sizes=\"auto, (max-width: 342px) 100vw, 342px\" \/>[\/vc_column_text][\/vc_column][\/vc_row]<\/p>\n<\/section>","protected":false},"excerpt":{"rendered":"<p>Illuminart museum : Notre premi\u00e8re exposition sur les \u00ab Paysages \u00bb propose une belle promenade dans les nouvelles salles de notre mus\u00e9e \u00e0 la d\u00e9couverte de paysage r\u00e9els ou fantastiques<\/p>\n","protected":false},"author":6,"featured_media":30954,"comment_status":"closed","ping_status":"closed","sticky":false,"template":"","format":"standard","meta":{"footnotes":""},"categories":[47],"tags":[],"class_list":["post-30951","post","type-post","status-publish","format-standard","has-post-thumbnail","hentry","category-actualites"],"_links":{"self":[{"href":"https:\/\/www.artdanslacite.eu\/fr\/wp-json\/wp\/v2\/posts\/30951","targetHints":{"allow":["GET"]}}],"collection":[{"href":"https:\/\/www.artdanslacite.eu\/fr\/wp-json\/wp\/v2\/posts"}],"about":[{"href":"https:\/\/www.artdanslacite.eu\/fr\/wp-json\/wp\/v2\/types\/post"}],"author":[{"embeddable":true,"href":"https:\/\/www.artdanslacite.eu\/fr\/wp-json\/wp\/v2\/users\/6"}],"replies":[{"embeddable":true,"href":"https:\/\/www.artdanslacite.eu\/fr\/wp-json\/wp\/v2\/comments?post=30951"}],"version-history":[{"count":4,"href":"https:\/\/www.artdanslacite.eu\/fr\/wp-json\/wp\/v2\/posts\/30951\/revisions"}],"predecessor-version":[{"id":30976,"href":"https:\/\/www.artdanslacite.eu\/fr\/wp-json\/wp\/v2\/posts\/30951\/revisions\/30976"}],"wp:featuredmedia":[{"embeddable":true,"href":"https:\/\/www.artdanslacite.eu\/fr\/wp-json\/wp\/v2\/media\/30954"}],"wp:attachment":[{"href":"https:\/\/www.artdanslacite.eu\/fr\/wp-json\/wp\/v2\/media?parent=30951"}],"wp:term":[{"taxonomy":"category","embeddable":true,"href":"https:\/\/www.artdanslacite.eu\/fr\/wp-json\/wp\/v2\/categories?post=30951"},{"taxonomy":"post_tag","embeddable":true,"href":"https:\/\/www.artdanslacite.eu\/fr\/wp-json\/wp\/v2\/tags?post=30951"}],"curies":[{"name":"wp","href":"https:\/\/api.w.org\/{rel}","templated":true}]}}