{"id":30434,"date":"2018-09-27T11:26:01","date_gmt":"2018-09-27T09:26:01","guid":{"rendered":"https:\/\/www.artdanslacite.eu\/?p=30434"},"modified":"2018-09-27T13:34:28","modified_gmt":"2018-09-27T11:34:28","slug":"dossier-de-presse-art-dans-la-cite","status":"publish","type":"post","link":"https:\/\/www.artdanslacite.eu\/fr\/dossier-de-presse-art-dans-la-cite\/","title":{"rendered":"[PRESSE] &#8211; Dossier de Presse &#8211; Art dans la Cit\u00e9"},"content":{"rendered":"<p><img loading=\"lazy\" decoding=\"async\" class=\"wp-image-30428 alignleft\" src=\"https:\/\/www.artdanslacite.eu\/wp-content\/uploads\/2018\/09\/LOGO-18-ANS-02_ok-202x300.png\" alt=\"\" width=\"149\" height=\"221\" \/>LE MOT DE LA PRESIDENTE<br \/>\nRACHEL BOCHER<br \/>\nDirectrice du P\u00f4le Psychiatrie du CHU de Nantes,<br \/>\n\u00c9lue de la Ville de Nantes, Pr\u00e9sidente de la Cit\u00e9 des Congr\u00e8s,<br \/>\nPr\u00e9sidente de l\u2019Intersyndicat National des Praticiens Hospitaliers<br \/>\nAndr\u00e9 MALRAUX illustre bien mon engagement \u00e0 la Pr\u00e9sidence de l\u2019Association Art dans la Cit\u00e9.<br \/>\n\u00ab Il faut introduire les moyens de l\u2019Art dans la vie non pour en faire de l\u2019Art, mais pour en faire davantage de vie.\u00bb<br \/>\nNous partageons, avec d\u2019autres, que la socialisation s\u2019initie par l\u2019acc\u00e8s aux loisirs et \u00e0 la culture pour tous &#8211; malade ou<br \/>\npas &#8211; et, notamment, \u00e0 Nantes, o\u00f9 le bouillonnement culturel des 20 derni\u00e8res ann\u00e9es a permis de susciter identit\u00e9<br \/>\net notori\u00e9t\u00e9 accrue. Ce qui soigne, ce qui fait du bien, c\u2019est notamment que la personne retrouve le libre jeu de la<br \/>\ncr\u00e9ativit\u00e9 sous le regard de l\u2019autre.<br \/>\nOn peut parler d\u2019int\u00e9gration citoyenne ou de pratique inclusive. \u00ab Art dans la Cit\u00e9 \u00bb a promu<br \/>\nde nombreux projets d\u2019Arts Visuels, qu\u2019il s\u2019agisse de sculptures, de peintures ou de projets multim\u00e9dias<br \/>\ndans les chambres, les salles d\u2019attente, les couloirs ou les jardins de nombreux h\u00f4pitaux.<br \/>\nAinsi, \u00ab Art dans la Cit\u00e9 \u00bb permet de stimuler de nombreux dialogues entre le monde des Arts et le monde de l\u2019h\u00f4pital.<br \/>\n2018 sera une ann\u00e9e exceptionnelle,<br \/>\nmarqu\u00e9e par les 18 ans d\u2019Art dans dans la cit\u00e9.<br \/>\nL\u2019Art, comme transformation du social, interroge le sujet sur le rapport entre l\u2019intime et le collectif, et permet les bases<br \/>\npour un mieux-vivre ensemble. Ainsi, notre association \u00ab Art dans la Cit\u00e9 \u00bb, est au coeur de nouvelles pratiques qui<br \/>\nfacilitent un champ de savoirs novateurs en plein essor.<br \/>\nEnfin, mon r\u00e9cent engagement r\u00e9sulte de la somme de mes diff\u00e9rentes responsabilit\u00e9s : M\u00e9decin Chef de Service au<br \/>\nCHU de Nantes, Pr\u00e9sidente de l\u2019Intersyndicat des Praticiens Hospitaliers en France (INPH) ; \u00c9lue de la ville de Nantes,<br \/>\nPr\u00e9sidente de la prestigieuse Cit\u00e9 des Congr\u00e8s, centre de manifestations culturelles et scientifiques, nationales et internationales.<\/p>\n<p>LE MOT DE LA DELEGUEE GENERALE<br \/>\nET DIRECTRICE ARTISTIQUE<br \/>\nRACHEL EVEN<br \/>\nEn 2018, Art Dans La Cit\u00e9 aura 18 ans. Cet anniversaire est un point d\u2019ancrage pour partager largement cette incroyable<br \/>\naventure, au cours de laquelle nous avons produit plus d\u2019une centaine d\u2019oeuvres d\u2019art originales et p\u00e9rennes, pour le<br \/>\nb\u00e9n\u00e9fice d\u2019h\u00f4pitaux du monde entier.<br \/>\nR\u00e9alis\u00e9es par tant d\u2019artistes ing\u00e9nieux, dessins, peintures, sculptures, photographies, vid\u00e9os et cr\u00e9ations interactives<br \/>\naccompagnent d\u00e9sormais le quotidien de nombreux patients et personnels \u00e0 l\u2019h\u00f4pital.<br \/>\nL\u2019art r\u00e9pond au besoin d\u2019\u00e9motion esth\u00e9tique, essentiel \u00e0 tout \u00eatre humain. Il est un vecteur de bien-\u00eatre, nous en<br \/>\nsommes convaincus. Il revendique un pouvoir curateur, une am\u00e9lioration de l\u2019estime de soi, une r\u00e9duction de la douleur<br \/>\net de l\u2019angoisse.<br \/>\nArt dans la Cit\u00e9 fait partie des pionniers qui ont su, tr\u00e8s t\u00f4t, mesurer l\u2019impact de l\u2019art pour apporter du mieux-\u00eatre. Les<br \/>\nr\u00e9sultats obtenus sont \u00e0 la hauteur de nos esp\u00e9rances, bien qu\u2019il reste encore beaucoup \u00e0 faire.<br \/>\nC\u2019est pourquoi nous allons poursuivre notre d\u00e9marche, en l\u2019intensifiant. Ainsi, jusqu\u2019en 2020, nous avons trois priorit\u00e9s :<br \/>\nfaire conna\u00eetre Art dans la Cit\u00e9 et les actions engag\u00e9es depuis 18 ans, questionner sur la place de l\u2019art dans le milieu<br \/>\nhospitalier en organisant des \u00ab conversations \u00bb sur le sujet, et cr\u00e9er une oeuvre significative et symbolique de cet<br \/>\nanniversaire.<br \/>\nMais, aussi, d\u00e9velopper nos actions de recherche de m\u00e9c\u00e9nes et de partenaires.<br \/>\nL\u2019art r\u00e9pond au besoin d\u2019\u00e9motion esth\u00e9tique,<br \/>\nessentiel \u00e0 tout \u00eatre humain.<\/p>\n<p>NOS PARRAINS<br \/>\nArt dans la Cit\u00e9 a l\u2019honneur d\u2019avoir pour parrains deux personnalit\u00e9s du monde de l\u2019art : le chef triplement \u00e9toil\u00e9 au<br \/>\nGuide Michelin, Christian Le Squer, du Palace \u00ab Le George V \u00bb, ainsi que Franck Sorbier, grand couturier fran\u00e7ais, r\u00e9put\u00e9<br \/>\npour ses collections Haute Couture, au savoir-faire technique pr\u00e9cieux et \u00e0 l\u2019univers po\u00e9tique.<br \/>\nChristian le Squer<br \/>\n\u00ab Mon engagement symbolique pour Art dans la Cit\u00e9 est coh\u00e9rent avec mon<br \/>\nquotidien. En effet, au-del\u00e0 du savoir-faire du cuisinier, ce sont la recherche,<br \/>\nl\u2019harmonie, ainsi que la cr\u00e9ativit\u00e9 du plat, qui apportent \u00e0 ma cuisine une<br \/>\ndimension artistique. La cuisine, comme l\u2019art, est un moyen d\u2019expression<br \/>\npouvant \u00eatre source d\u2019\u00e9motions fortes. Je suis convaincu que l\u2019art participe<br \/>\nau bien-\u00eatre, tout comme la cuisine peut rev\u00eatir une forme d\u2019apaisement.\u00bb<br \/>\nEn 1999, Christian Le Squer prend la rel\u00e8ve de Ghislaine Arabian, dans la<br \/>\ncuisine du Pavillon Ledoyen. Le c\u00e9l\u00e8bre restaurant de l\u2019avenue des Champs-<br \/>\nElys\u00e9es lui permet, en 2002, d\u2019entrer dans le cercle ferm\u00e9 des chefs cuisiniers<br \/>\ntriplement \u00e9toil\u00e9s. Viennent ensuite les ouvertures des restaurants l\u2019Etc, en<br \/>\n2008, et La Grande Verri\u00e8re, en 2011. En 2014, Christian Le Squer int\u00e8gre<br \/>\nl\u2019\u00e9quipe de l\u2019h\u00f4tel George V et compose les menus du restaurant Le Cinq. Deux nouvelles \u00e9toiles au guide<br \/>\nMichelin, en 2015, r\u00e9affirment la qualit\u00e9 des partitions que le chef cuisinier livre derri\u00e8re son piano.<br \/>\nFranck Sorbier<br \/>\nLa couture est pour lui une culture \u00e0 part enti\u00e8re, \u00e0 laquelle il s\u2019adonne<br \/>\ndepuis ses d\u00e9buts, dans un exercice lucide et libre. En s\u2019engageant aupr\u00e8s<br \/>\nde l\u2019association Art dans la cit\u00e9, Franck Sorbier r\u00e9affirme avec sensibilit\u00e9 son<br \/>\nint\u00e9r\u00eat pour une cr\u00e9ation artistique au service de patients.<br \/>\nChacune des pr\u00e9sentations de la Maison Franck Sorbier raconte une histoire,<br \/>\nun moment de po\u00e9sie. Plus qu\u2019une histoire, une mise en sc\u00e8ne. Une expression<br \/>\nunique qui est sienne. Cette narration passe tant par les cr\u00e9ations de Haute<br \/>\nCouture que par l\u2019univers sc\u00e9nographique et lumineux qui en \u00e9mane : une<br \/>\ncombinaison contenu\/contenant qui r\u00e9v\u00e8le, \u00e0 chaque instant, ce qui fait<br \/>\nl\u2019unicit\u00e9 de Franck Sorbier. Un vrai synopsis, un voyage initiatique qui est<br \/>\norchestr\u00e9 par les \u00e9quipes de la Maison Sorbier et qui r\u00e9v\u00e8le des moments<br \/>\nd\u2019excellence et t\u00e9moigne de son talent multiforme.<br \/>\nDe 2005 \u00e0 2012, Frank Sorbier cr\u00e9e les costumes de sc\u00e8ne de Myl\u00e8ne Farmer (Avant que l\u2019ombre \u2026..), de<br \/>\nJohnny Hallyday (\u00ab Flash Back Tour\u00bb), de La Traviata et des Contes d\u2019Hoffmann pour les Op\u00e9ras en plein air.<br \/>\nVuarnet, Swatch, General Motors, Andr\u00e9, Grey Goose, Devernois, Cartier, Paris Miki Optique&#8230; ont aussi fait<br \/>\nappel \u00e0 son talent multiforme.<br \/>\nEn juillet 2008, il inaugure sur Internet un nouveau type de d\u00e9fil\u00e9. Sa pr\u00e9sentation virtuelle r\u00e9v\u00e8le un talent<br \/>\nmultiforme, distingu\u00e9e par le Webmaster Award (Etats-Unis), le Grand Prix Strat\u00e9gies\/Cond\u00e9 Nast du Luxe, la<br \/>\nMention Sp\u00e9ciale pour un site de Mode au Festival de la Publicit\u00e9 de Meribel.<\/p>\n<p>LES CHIFFRES<br \/>\n18 ANS D\u2019EXISTENCE<br \/>\nPLUS DE 100 OEUVRES D\u2019ART CR\u00c9\u00c9ES<br \/>\n80 HOPITAUX BENEFICIAIRES<br \/>\n60 ARTISTES CONFIRMES OU EMERGENTS<br \/>\nDES MILLIERS DE PATIENTS TOUCHES<br \/>\nUN PUBLIC DIVERSIFIE :<br \/>\nPATIENTS, FAMILLE &amp; BIEN-ETRE<br \/>\nPERSONNEL DES HOPITAUX &amp; CONDITIONS DE TRAVAIL APAISEES<br \/>\nDES SERVICES VARIES CONCERNES<br \/>\np\u00e9diatrie, adultes ou personnes \u00e2g\u00e9es : soins de suite, soins de support, psychiatrie, oncologie, chirurgie,<br \/>\nh\u00f4pital de jour, hospitalisation longue dur\u00e9e, maladies chroniques, Alzheimer&#8230;<\/p>\n<p>DES PARTENAIRES PUBLICS ET PRIVES<br \/>\nPRESTIGIEUX ET ENGAGES<br \/>\ntels que la commission Culture de la Commission Europ\u00e9enne durant 6 ann\u00e9es, le Minist\u00e8re de la Culture,<br \/>\nla R\u00e9gion Ile-de-France et, aujourd\u2019hui, essentiellement, des Fondations priv\u00e9es.<\/p>\n<p>VALEURS<br \/>\n6 valeurs pour le mieux-\u00eatre des patients<br \/>\nEXIGENCE<br \/>\nCREATION<br \/>\nINTERACTION<br \/>\nCONTEMPLATION<br \/>\nEXPERTISE<br \/>\nINNOVATION<br \/>\nEXPERTISE<\/p>\n<p>Fond\u00e9e en 1999, l\u2019association Art dans la Cit\u00e9 a pour objectif d\u2019introduire les arts visuels contemporains \u00e0<br \/>\nl\u2019h\u00f4pital, avec le concours d\u2019artistes \u00e9mergents et de renomm\u00e9e internationale, qui viennent en r\u00e9sidence.<br \/>\nSon ambition est de contribuer au mieux-\u00eatre du patient, d\u2019accompagner et d\u2019am\u00e9liorer son accueil et son<br \/>\ns\u00e9jour, ainsi que les conditions de travail du personnel, gr\u00e2ce \u00e0 la cr\u00e9ation collective d\u2019oeuvres install\u00e9es<br \/>\ndurablement dans les espaces d\u2019accueil et de vie de l\u2019h\u00f4pital.<br \/>\nAvec un parcours international et plus de 100 r\u00e9alisations \u00e0 son actif, Art dans la Cit\u00e9 se positionne comme<br \/>\nla r\u00e9f\u00e9rence pour la cr\u00e9ation d\u2019oeuvres d\u2019art, con\u00e7ues sp\u00e9cifiquement \u00e0 l\u2019h\u00f4pital. Gr\u00e2ce \u00e0 son exp\u00e9rience,<br \/>\nelle propose son expertise, conseille et accompagne les hospitaliers et les artistes, et, ce, \u00e0 toutes les \u00e9tapes,<br \/>\nde la conception \u00e0 l\u2019installation de l\u2019oeuvre. Les r\u00e9sidences d\u2019artistes et les oeuvres p\u00e9rennes am\u00e9liorent le<br \/>\nquotidien de l\u2019h\u00f4pital et, s\u2019inscrivent dans une volont\u00e9 d\u2019humanisation des \u00e9tablissements.<br \/>\nTous les projets, r\u00e9fl\u00e9chis en lien \u00e9troit avec les \u00e9quipes soignantes, impliquent les patients, les familles et<br \/>\nleurs visiteurs, avec l\u2019artiste en r\u00e9sidence.<br \/>\nCr\u00e9ation &#8211; Contemplation<br \/>\nPour Art dans la Cit\u00e9, la cr\u00e9ation et la contemplation sont des activit\u00e9s absolument n\u00e9cessaires<br \/>\nqui accompagnent les traitements m\u00e9dicaux. L\u2019art permet aux patients d\u2019exprimer des valeurs<br \/>\npositives en sortant de la passivit\u00e9 du soin et les soulagent du stress de l\u2019hospitalisation.<br \/>\nLe soin peut tirer avantage de la pr\u00e9sence des arts qui apportent \u00e0 l\u2019h\u00f4pital une dimension spirituelle<br \/>\nessentielle, car tellement humaine.<br \/>\nN\u00e9cessit\u00e9 &#8211; Innovation &#8211; Mieux-\u00eatre<br \/>\nEn intervenant \u00e0 l\u2019h\u00f4pital, Art dans la Cit\u00e9, introduit l\u2019art contemporain l\u00e0 o\u00f9 il n\u2019a g\u00e9n\u00e9ralement pas droit de<br \/>\ncit\u00e9 et sensibilise les publics de l\u2019h\u00f4pital \u00e0 la cr\u00e9ation artistique contemporaine.<br \/>\nLes oeuvres originales et souvent exp\u00e9rimentales r\u00e9alis\u00e9es en r\u00e9sidence dans des services de p\u00e9diatrie,<br \/>\ng\u00e9riatrie, psychiatrie, r\u00e9animation et maternit\u00e9 sont le fruit d\u2019une r\u00e9flexion unique entre les responsables<br \/>\nd\u2019Art dans la Cit\u00e9, des scientifiques, des artistes, des responsables hospitaliers, les personnels soignants et<br \/>\nles patient.<br \/>\nElles transforment durablement le s\u00e9jour des patients, mais aussi le quotidien des \u00e9quipes m\u00e9dicales et<br \/>\nl\u2019accueil des nombreux visiteurs des h\u00f4pitaux.<br \/>\nL\u2019objectif principal pour Art dans la Cit\u00e9 est de replacer l\u2019homme,<br \/>\nson humanit\u00e9 et ses r\u00eaves, au coeur du dispositif de soins.<br \/>\n\u2022 Humaniser les espaces de l\u2019h\u00f4pital avec la cr\u00e9ation d\u2019oeuvres in situ par des artistes de renomm\u00e9e<br \/>\ninternationale qui prennent en compte : l\u2019espace de l\u2019h\u00f4pital, son architecture, ses fonctions et le public<br \/>\nqu\u2019il accueille,<br \/>\n\u2022 Int\u00e9grer la cr\u00e9ation artistique dans la vie quotidienne des h\u00f4pitaux pour am\u00e9liorer l\u2019accueil et le s\u00e9jour<br \/>\ndes patients, de leur famille et visiteurs et du personnel,<br \/>\n\u2022 Augmenter la perception et la sensibilit\u00e9 du public en l\u2019int\u00e9grant dans une d\u00e9marche participative, fond\u00e9e<br \/>\nsur la n\u00e9cessit\u00e9 et l\u2019importance de la cr\u00e9ation artistique \u00e0 l\u2019h\u00f4pital,<br \/>\n\u2022 Cr\u00e9er des liens entre les diff\u00e9rents publics de l\u2019art et de l\u2019h\u00f4pital,<br \/>\n\u2022 Am\u00e9liorer toujours davantage les r\u00e9ponses qui peuvent \u00eatre apport\u00e9es \u00e0 la cr\u00e9ation artistique en milieu<br \/>\nhospitalier,<br \/>\n\u2022 Favoriser l\u2019implication des partenaires et susciter l\u2019excellence des projets,<br \/>\n\u2022 D\u00e9velopper une dynamique de rencontres et d\u2019\u00e9changes.<br \/>\nObjectifs de l\u2019association Art dans la Cit\u00e9<\/p>\n<p>EXIGENCE<br \/>\nINNOVATION<br \/>\nArt dans la Cit\u00e9 d\u00e9veloppe, depuis 2010, des oeuvres utilisant le medium num\u00e9rique dans l\u2019environnement<br \/>\nde l\u2019h\u00f4pital. Elle fait appel aux artistes utilisant ce medium afin de d\u00e9velopper des cr\u00e9ations innovantes, dans<br \/>\ndes espaces non encore investis : salles de d\u00e9tente, de soins, de traitements, de r\u00e9animation, chambres des<br \/>\npatients.<br \/>\nCes cr\u00e9ations am\u00e9liorent de fa\u00e7on naturelle, mais ambitieuse, les espaces de l\u2019h\u00f4pital.<br \/>\nLes artistes se sont appropri\u00e9s ce formidable outil pour concevoir des oeuvres, en relation intime avec le<br \/>\nspectateur qui peut ainsi les transformer et devenir acteur au sein d\u2019univers interactifs et immersifs originaux.<br \/>\nL\u2019oeuvre, attentive \u00e0 la pr\u00e9sence du spectateur, \u00e0 son mouvement dans l\u2019espace, peut cr\u00e9er une intimit\u00e9 avec<br \/>\nlui, induire un dialogue, susciter un comportement.<\/p>\n<p>ILLUMINART, UN DISPOSITIF GLOBAL INTERACTIF,<br \/>\nIMMERSIF ET NOVATEUR<br \/>\nILLUMINART &amp; Les ballades multi-sensorielles est le dernier programme imagin\u00e9 et cr\u00e9\u00e9 par<br \/>\nArt dans la Cit\u00e9. C\u2019est un dispositif num\u00e9rique innovant et nomade, con\u00e7u pour les chambres et les espaces<br \/>\nde soin de l\u2019h\u00f4pital. Il projette des contenus artistiques, interactifs et immersifs, choisis par l\u2019utilisateur,<br \/>\nassociant le visuel, le sonore et bient\u00f4t l\u2019olfactif.<br \/>\nCompagnon id\u00e9al du patient, il participe au processus de gu\u00e9rison en faisant dispara\u00eetre l\u2019environnement<br \/>\nm\u00e9dicalis\u00e9. Il apporte du mieux-\u00eatre au coeur m\u00eame de l\u2019h\u00f4pital. Il contribue notoirement \u00e0 la gu\u00e9rison et<br \/>\nam\u00e9liore la qualit\u00e9 de l\u2019accueil et du s\u00e9jour du patient, de ses proches, ainsi que les conditions de travail du<br \/>\npersonnel.<br \/>\nInstall\u00e9 dans une dizaine d\u2019h\u00f4pitaux en France aujourd\u2019hui, ayant fait ses preuves sur les aspects divertissants,<br \/>\np\u00e9dagogiques et th\u00e9rapeutiques, Art dans la cit\u00e9 va le d\u00e9ployer largement afin de toucher un maximum de<br \/>\nb\u00e9n\u00e9ficiaires.<\/p>\n<p>LES BENEFICIAIRES D\u2019ILLUMINART<br \/>\nAujourd\u2019hui, ILLUMINART est install\u00e9 dans une dizaine de services diff\u00e9rents d\u2019h\u00f4pitaux en France.<br \/>\nNous avons \u00e9valu\u00e9 \u00e0 plus de 1000 personnes les b\u00e9n\u00e9ficiaires du projet par \u00e9tablissement, auxquels nous<br \/>\npouvons ajouter les familles et les soignants, qui se trouvent beaucoup plus d\u00e9tendus.<br \/>\nLes b\u00e9n\u00e9ficiaires sont les jeunes patients, gar\u00e7ons et filles \u00e2g\u00e9s en moyenne de 4 \u00e0 18 ans, hospitalis\u00e9s dans<br \/>\nles diff\u00e9rents services de p\u00e9diatrie : oncologie, chirurgie orthop\u00e9dique, r\u00e9animation.<br \/>\nCe sont des adultes dans des services de soins de support et de psychiatrie.<br \/>\nCe sont des personnes \u00e2g\u00e9es des services de soins de suite.<br \/>\nLes b\u00e9n\u00e9ficiaires sont aussi les parents, les familles et les \u00e9quipes des h\u00f4pitaux.<br \/>\nILLUMINART s\u2019av\u00e8re \u00eatre un compl\u00e9ment parfait pour diff\u00e9rents ateliers men\u00e9s par les arts th\u00e9rapeutes, les<br \/>\nkin\u00e9sith\u00e9rapeutes, les psychologues, les \u00e9ducatrices\u2026<br \/>\nIl est aussi un compagnon id\u00e9al dans les chambres pour les patients et leurs familles.<br \/>\nNous avons \u00e9valu\u00e9 ses bienfaits dans les diff\u00e9rents services o\u00f9 il est install\u00e9.<br \/>\nLes r\u00e9sultats obtenus sont encourageants tant en hospitalisation qu\u2019en h\u00f4pital de jour, aupr\u00e8s des patients,<br \/>\nque de leurs familles et des \u00e9quipes.<br \/>\nLe dispositif et ses contenus, dont l\u2019Aquarium Virtuel, a par exemple d\u00e9montr\u00e9 qu\u2019il pouvait r\u00e9duire le stress<br \/>\net l\u2019angoisse des patients mais aussi des parents.<br \/>\nNous avons pu constater qu\u2019il d\u00e9tend les \u00e9quipes soignantes et leur apporte une note divertissante dans leur<br \/>\nquotidien \u00e0 l\u2019h\u00f4pital.<br \/>\nNous avons mesur\u00e9 l\u2019impact de l\u2019abaissement du seuil de perception de la douleur, du niveau d\u2019anxi\u00e9t\u00e9, du<br \/>\nstress et de l\u2019augmentation du bien-\u00eatre. Cette \u00e9tude a \u00e9t\u00e9 administr\u00e9e aux moyens de questionnaires par<br \/>\ndes experts dans ce domaine faisant partie de l\u2019\u00e9quipe d\u2019Art dans la Cit\u00e9 et ceux des h\u00f4pitaux concern\u00e9s<br \/>\n(psychologues,neuroscientifiques).<br \/>\nAinsi, l\u2019installation d\u2019ILLUMINART dans les chambres est appr\u00e9ci\u00e9e par les patients, mais aussi par les parents<br \/>\net les familles, notamment gr\u00e2ce \u00e0 l\u2019immersion virtuelle et multi-sensorielle qu\u2019il propose. Les utilisateurs se<br \/>\ndisent moins angoiss\u00e9s et oublient, un moment, le temps et l\u2019espace d\u2019hospitalisation, pour eux-m\u00eames ou<br \/>\npour leurs proches.<br \/>\nIl est int\u00e9ressant de noter que les \u00e9quipes soignantes appr\u00e9cient ce dispositif qui leur permet de travail-ler<br \/>\ndans des conditions plus d\u00e9tendues. Elles appr\u00e9cient notamment ses contenus immersifs, dont le nouvel<br \/>\nAquarium Virtuel, et ont remarqu\u00e9 qu\u2019ILLUMINART permet de s\u2019occuper des patients, dans des conditions<br \/>\nplus apais\u00e9es lors de certains traitements plus douloureux.<\/p>\n<p>LES RESULTATS OBTENUS AVEC ILLUMINART<br \/>\nLa totalit\u00e9 des familles interrog\u00e9es a eu une perception positive de l\u2019utilisation du dispositif.<br \/>\nLa note globale donn\u00e9e \u00e9tait en moyenne de 8,4 sur une \u00e9chelle de 10.<br \/>\nLes activit\u00e9s avec interactivit\u00e9s sonores et visuelles, (Plan\u00e9tarium et Aquarium) ont \u00e9t\u00e9 pl\u00e9biscit\u00e9es par la<br \/>\ntotalit\u00e9 des familles interrog\u00e9es.<br \/>\nD\u2019une fa\u00e7on g\u00e9n\u00e9rale, le dispositif ILLUMINART et ses diff\u00e9rents contenus a \u00e9t\u00e9 jug\u00e9 indispensable<br \/>\n(5\/10) ou n\u00e9cessaire (9\/10) pour les patients et les familles interrog\u00e9es. Aucune d\u2019entre elles n\u2019a trouv\u00e9 la<br \/>\nd\u00e9marche inutile ou sans int\u00e9r\u00eat.<br \/>\nIl a \u00e9t\u00e9 per\u00e7u comme pouvant, par ordre d\u00e9croissant :<br \/>\n\u2022 Am\u00e9liorer le s\u00e9jour des enfants hospitalis\u00e9s (10\/10)<br \/>\n\u2022 Stimuler leur cr\u00e9ativit\u00e9 (9\/10)<br \/>\n\u2022 Les divertir (9\/10)<br \/>\n\u2022 Humaniser l\u2019espace de la chambre d\u2019H\u00f4pital (9\/10)<br \/>\n\u2022 Soulager leur isolement (8\/10)<br \/>\n\u2022 Apaiser la douleur ou l\u2019angoisse (7\/10)<br \/>\n\u2022 Faciliter le maintien des liens sociaux (6\/10)<br \/>\n\u2022 Accompagner le soin (5\/10).<br \/>\nLa mise en oeuvre du dispositif en d\u00e9but de soir\u00e9e jouit de r\u00e9sultats tr\u00e8s positifs sur la diminution de l\u2019angoisse<br \/>\net de la solitude, \u00e0 l\u2019approche de la nuit.<br \/>\nLa possibilit\u00e9 de l\u2019utiliser pour un soin infirmier, par exemple, est largement pl\u00e9biscit\u00e9e par les infirmier(e)s<br \/>\net aides soignant(e)s.<\/p>\n<p>L\u2019EQUIPE<br \/>\nRachel EVEN, D\u00e9l\u00e9gu\u00e9e g\u00e9n\u00e9rale et Directrice artistique<br \/>\nOlivier GALAVERNA, Conseiller scientifique<br \/>\nSeeSaw : Photos &#8211; Vid\u00e9os &#8211; R\u00e9seaux sociaux<br \/>\nLes membres du conseil d\u2019administration<br \/>\nRachel BOCHER, Directrice du P\u00f4le Psychiatrie du CHU de Nantes, \u00c9lue de la Ville de Nantes,<br \/>\nPr\u00e9sidente de la Cit\u00e9 des Congr\u00e8s, Pr\u00e9sidente de l\u2019Intersyndicat National des Praticiens Hospitaliers.<br \/>\nPr\u00e9sidente d\u2019Art dans la Cit\u00e9.<br \/>\nRapha\u00ebl VIALLE, Professeur de Chirurgie Infantile (PUPH) \u00e0 l\u2019Universit\u00e9 Pierre et Marie Curie, Chef du Service<br \/>\nde Chirurgie Orthop\u00e9dique et R\u00e9paratrice de l\u2019Enfant \u00e0 l\u2019H\u00f4pital Armand Trousseau \u2013 APHP \u2013 Paris.<br \/>\nSecr\u00e9taire g\u00e9n\u00e9ral d\u2019Art dans la Cit\u00e9.<br \/>\nOlivier GALAVERNA, Conseiller scientifique, Docteur en neurosciences, Neuropsychologue.<br \/>\nTr\u00e9sorier d\u2019Art dans la cit\u00e9.<br \/>\nCatherine BONHOMME, R\u00e9dactrice en Chef adjointe de la Revue Hospitali\u00e8re de France.<br \/>\nVice Secr\u00e9taire g\u00e9n\u00e9rale d\u2019Art dans la Cit\u00e9<br \/>\nMichel de la CHENELIERE, \u00c9diteur, Homme d\u2019affaires et philanthrope canadien, il est \u00e0 l\u2019origine de la cr\u00e9ation<br \/>\nde L\u2019Atelier International d\u2019Education et d\u2019Art-th\u00e9rapie Michel de la Cheneli\u00e8re, Mus\u00e9e des Beaux-Arts de<br \/>\nMontr\u00e9al.<br \/>\nJacques DESCHAMPS, Vice-pr\u00e9sident et Secr\u00e9taire g\u00e9n\u00e9ral de la Ligue contre le Cancer, Directeur d\u2019h\u00f4pital<br \/>\nhonoraire, Pr\u00e9sident des Amis du Mus\u00e9e de l\u2019AP-HP.<br \/>\nJean-Marc DIMANCHE, Sp\u00e9cialiste de l\u2019artisanat d\u2019art et de l\u2019art contemporain, Conseiller en d\u00e9veloppement<br \/>\net strat\u00e9gie d\u2019image et de marque, Jean Marc a cr\u00e9\u00e9 Dimanche Factory et Maison Parisienne.<br \/>\nConseiller artistique au Grand Duch\u00e9 du Luxembourg.<br \/>\nIsabelle LUZORO, Sp\u00e9cialiste d\u2019art contemporain, Secr\u00e9taire g\u00e9n\u00e9rale des amis du Mus\u00e9e d\u2019Art Moderne et<br \/>\nd\u2019Art Contemporain (MAMAC) de Nice.<br \/>\nFr\u00e9d\u00e9rique MALEFANT, D\u00e9l\u00e9gu\u00e9e g\u00e9n\u00e9rale de BeeoTop, espace de 6 500 m2, situ\u00e9 Porte de Clichy, d\u00e9di\u00e9 aux<br \/>\nacteurs de la solidarit\u00e9 et du d\u00e9veloppement durable.<br \/>\nProfesseur Didier SICARD, ancien Pr\u00e9sident du Comit\u00e9 Consultatif National d\u2019Ethique, Professeur de m\u00e9decine<br \/>\n\u00e0 l\u2019Universit\u00e9 Paris Descartes, il a \u00e9t\u00e9 chef de service de m\u00e9decine interne \u00e0 l\u2019H\u00f4pital Cochin.<\/p>\n<p>PARTENAIRES<br \/>\nThe Stavros Niarchos Foundation (www.SNF.org)<br \/>\nUne des principales organisations philanthropiques internationales priv\u00e9es, octroyant des subventions dans<br \/>\nles domaines des arts et de la culture, de l\u2019\u00e9ducation, de la sant\u00e9 et des sports, et de la protection sociale.<br \/>\nLa Fondation finance des organisations et des projets qui devraient avoir un impact large, durable et positif<br \/>\nsur la soci\u00e9t\u00e9 dans son ensemble, en mettant l\u2019accent sur les groupes vuln\u00e9rables tels que les enfants et les<br \/>\npersonnes \u00e2g\u00e9es, ainsi qu\u2019un leadership fort et une gestion saine.<br \/>\nFondation d\u2019Entreprise BATIGERE<br \/>\nElle a pour vocation d\u2019agir sur ses territoires en soutenant des actions en faveur de l\u2019\u00e9galit\u00e9 des chances, du<br \/>\nd\u00e9veloppement \u00e9conomique et du lien social.<br \/>\nFondation Bouygues Telecom<br \/>\nElle s\u2019est fix\u00e9 trois domaines d\u2019intervention en France : la solidarit\u00e9, la culture et l\u2019environnement. La Fondation<br \/>\nsoutient des projets majeurs dans chacun de ces trois domaines, ainsi que des projets d\u2019associations locales<br \/>\nparrain\u00e9es par des collaborateurs ou par des clients.<br \/>\nFondation d\u2019entreprise Air France<br \/>\nLa Fondation a pour vocation de soutenir des projets en faveur des enfants et des jeunes malades, handicap\u00e9s<br \/>\nou en grande difficult\u00e9.<br \/>\nLe Groupe IPSEN<br \/>\nTrois\u00e8me laboratoire pharmaceutique fran\u00e7ais.<br \/>\nL\u2019Archipel des Utopies<br \/>\nIl a pour objet d\u2019aider financi\u00e8rement au d\u00e9marrage de projets d\u2019int\u00e9r\u00eat g\u00e9n\u00e9ral dans le domaine social.<\/p>\n<p>AUTRES PARTENAIRES<br \/>\nCommission Europ\u00e9enne &#8211; Programme Culture, F\u00e9d\u00e9ration Europ\u00e9enne des H\u00f4pitaux (HOPE), F\u00e9d\u00e9ration<br \/>\nHospitali\u00e8re de France, Assistance Publique H\u00f4pitaux de Paris, Minist\u00e8re de la Culture et de la Communication,<br \/>\nCNC, Minist\u00e8re de la Sant\u00e9, R\u00e9gion Ile-de-France, \u00c9cole Nationale Sup\u00e9rieure des Beaux-Arts de Paris,<br \/>\nVille de Paris &#8211; Label Paris Europe, Ville de Turku (Finlande), Comunidad de Madrid, Regione Veneto, Lefranc<br \/>\n&amp; Bourgeois, Galerie Charlot, Fondation de France, Fondation Orange, Fondation SFR, G\u00e9n\u00e9rali Atout Soleil,<br \/>\nFondation Alberici-Octalfa, Fondation Roche, GlaxoSmithKline, Air Liquide Sant\u00e9\u2026<\/p>\n<p>H\u00d4PITAUX ET ETABLISSEMENTS DE SANTE<br \/>\n* A l\u2019\u00e9tranger :<br \/>\nAglaia Kyriakou Children Hospital, ATHENS, Johns Hopkins Children Center Baltimore, USA, Clinique<br \/>\np\u00e9diatrique de Ljubljana (Slov\u00e9nie), National Hospital Tokushima (Japon), H\u00f4pital Gregorio Maranon \u00e0<br \/>\nMadrid (Espagne), H\u00f4pital La Sapienza-Umberto I \u00e0 Rome, Clinique Santa-Maria \u00e0 Lisbonne, East Grampians<br \/>\nAratat Hospital (Australie), H\u00f4pital La Paz \u00e0 Madrid, H\u00f4pital Bambino Gesu \u00e0 Rome, Royal Hospital for Sick<br \/>\nChildren \u00e0 Glasgow (Ecosse), H\u00f4pital Nino Jesus \u00e0 Madrid, H\u00f4pital Erasme \u00e0 Bruxelles, Clinique p\u00e9diatrique de<br \/>\nVarsovie (Pologne), AZ-VUB \u00e0 Bruxelles, H\u00f4pital San Rafael \u00e0 Madrid, Clinique Psychiatrique de Cluj-Napoca<br \/>\n(Roumanie), Bruck-an-der Mur Hospital (Autriche), H\u00f4pital Kaskenlinna \u00e0 Turku (Finlande), etc.<br \/>\n* En France :<br \/>\nH\u00f4pital Armand Trousseau \u00e0 Paris, H\u00f4pital Foch, H\u00f4pital de la Piti\u00e9-Salp\u00eatri\u00e8re \u00e0 Paris, H\u00f4pital Necker-Enfants<br \/>\nmalades \u00e0 Paris, H\u00f4pital Bretonneau \u00e0 Paris, H\u00f4pital Bichat-Claude Bernard \u00e0 Paris, H\u00f4pital Sainte-Anne \u00e0<br \/>\nParis, H\u00f4pital Antoine B\u00e9cl\u00e8re \u00e0 Clamart, HPR de Bullion, H\u00f4pital Paul Brousse \u00e0 Villejuif, CTP Margency,<br \/>\nH\u00f4pital Arthur Gardiner \u00e0 Dinard, CH Sud Francilien \u00e0 Evry, CH Ren\u00e9 Dubos \u00e0 Pontoise, H\u00f4pital Saint-Joseph<br \/>\n\u00e0 Paris, Institut Mutualiste Montsouris \u00e0 Paris, CHU Sainte-Marguerite \u00e0 Marseille, Centre d\u2019accueil et de<br \/>\nsoins psychoth\u00e9rapiques \u00e0 Colmar, H\u00f4pital Broussais \u00e0 Paris, H\u00f4pital Sainte-P\u00e9rine \u00e0 Paris, H\u00f4pital La Timone<br \/>\n\u00e0 Marseille, H\u00f4pital Charles Richet \u00e0 Villiers-le-Bel, CH de Chamb\u00e9ry, CHR Annecy, CHU de Nice, Centre L\u00e9on<br \/>\nB\u00e9rard \u00e0 Lyon, Centre Hospitalier de Bonifacio, Corse du Sud, etc.<\/p>\n<p>ARTISTES<br \/>\nLouise Mercadier, Santiago Torres, Adrien Garcia, Santiago Torres, Olivier Baude-locque, Efrath Bouana,<br \/>\nClemens Hollerer, Jota Castro, Kader Attia, Olivier Masmon-teil, Dominik Lejman, Michael Fliri, Hugo Verlinde,<br \/>\nAgn\u00e8s Caffier, Carlito Dalceggio, Nicolas Sordello, Rapha\u00ebl Isdant, L\u00e9opoldine Roux, Marc Couturier, Lo\u00efc<br \/>\nLoeiz Ha-mon, Sylvie Denet, Damijan Kracina, Lise Couzinier, Mar Cobos, Maurizio Savini, Stanislas Di Giugno,<br \/>\nPietro Ruffo, Megumi Ishibashi, Renaud Rouveyre, Alice Baillaud, Franck Mercky, Jean-Pierre Brazs, Midi6,<br \/>\nMar Solis, Mariana Ramos, Maria Teresa Silva, Pepa Rueda, Annie Ratti, Anne Gorouben, janie Nicoll, Roque<br \/>\nFermin, Nathlie Miel, Monica Gener, Guy Ballet, Julieta Hanono, Francesca Arroyo, Haral Fernagu, Catherine<br \/>\nBenas, Catherine Claeye, Virginie Bailly, , Zaza Noah, Tomaz Tomazin, Gra-ham Stevens, Sylvain Soussan,<br \/>\nSzilard Miklos, Denes Miklosi, Olivier Debr\u00e9 etc.<\/p>\n<p>PROGRAMMATION EN COURS<br \/>\n&#8211; D\u00e9velopper technologiquement notre dispositif Illuminart<br \/>\n&#8211; Cr\u00e9er deux nouvelles applications pour Illuminart :<br \/>\nPromenade au mus\u00e9e<br \/>\nBallades multi-sensorielles (visuelles, sonores et olfactives)<br \/>\n&#8211; Int\u00e9grer davantage le multi-sensoriel dans notre dispositif Illuminart avec la cr\u00e9ation d\u2019un parfum<br \/>\nsp\u00e9cifique pour l\u2019h\u00f4pital, des pi\u00e8ces musicales, des oeuvres visuelles Interactives<br \/>\n&#8211; Lancer le projet d\u2019une cr\u00e9ation sp\u00e9cifique et symbolique pour l\u2019h\u00f4pital, en 2020<br \/>\n&#8211; Mettre en lumi\u00e8re les actions et la diversit\u00e9 des projets r\u00e9alis\u00e9s depuis les 18 ans d\u2019existence d\u2019Art<br \/>\ndans la Cit\u00e9, en pr\u00e9sentant, tout au long de l\u2019ann\u00e9e, les cr\u00e9ations r\u00e9alis\u00e9es par Art dans la Cit\u00e9 pour les<br \/>\nh\u00f4pitaux dans le monde entier<br \/>\n&#8211; En organisant, au sein m\u00eame des h\u00f4pitaux, des pr\u00e9sentations sur les derniers d\u00e9veloppements de<br \/>\nnotre dispositif Illuminart<br \/>\n&#8211; En organisant des conversations crois\u00e9es sur la pertinence et la place de l\u2019art et du mieux-\u00eatre \u00e0<br \/>\nl\u2019h\u00f4pital, o\u00f9 des personnalit\u00e9s du monde de l\u2019art et des sciences seront invit\u00e9es \u00e0 dialoguer sur ce sujet<br \/>\nLa premi\u00e8re conversation se tiendra \u00e0 l\u2019H\u00f4tel Georges V \u00e0 Paris, au cours d\u2019un petit d\u00e9jeuner,<br \/>\nle mardi 9 octobre 2018 \u00e0 9 heures.<br \/>\nNotre Parrain, Christian Le Squer et le Professeur Rapha\u00ebl Vialle, parleront des liens entre Art et<br \/>\nBien-\u00eatre VS leur m\u00e9tier respectif : la Gastronomie et la Chirurgie\u2026<br \/>\nUn D\u00eener de Gala au Georges V, en avril 2019, en pr\u00e9sence de nos deux parrains :<br \/>\nLe Chef Christian Le Squer et le Couturier Franck Sorbier, Art, Gastronomie, Haute Couture, D\u00e9fil\u00e9 de<br \/>\nmode et Vente aux ench\u00e8res sont au programme\u2026<\/p>\n<p>Contact presse : phoebus-communication@orange.fr<br \/>\nMarie-Luce Bozom \u2013 06 15 15 63 20<br \/>\nContact Art dans la Cit\u00e9 : rachel.even@artdanslacite.eu<br \/>\nwww.artdanslacite.eu<\/p>\n<p>Retrouvez le PDF Ici :\u00a0\u00a0<a href=\"https:\/\/www.artdanslacite.eu\/wp-content\/uploads\/2018\/09\/2-DOSSIER-DE-PRESSE-ART-DANS-LA-CITE.pdf\" target=\"\">2-PDF- DOSSIER DE PRESSE ART DANS LA CITE<\/a><\/p>\n","protected":false},"excerpt":{"rendered":"<p>LE MOT DE LA PRESIDENTE RACHEL BOCHER Directrice du P\u00f4le Psychiatrie du CHU de Nantes, \u00c9lue de la Ville de Nantes, Pr\u00e9sidente de la Cit\u00e9 des Congr\u00e8s, Pr\u00e9sidente de l\u2019Intersyndicat National des Praticiens Hospitaliers Andr\u00e9 MALRAUX illustre bien mon engagement<span class=\"excerpt-hellip\"> [\u2026]<\/span><\/p>\n","protected":false},"author":6,"featured_media":30456,"comment_status":"open","ping_status":"open","sticky":false,"template":"","format":"standard","meta":{"footnotes":""},"categories":[47],"tags":[],"class_list":["post-30434","post","type-post","status-publish","format-standard","has-post-thumbnail","hentry","category-actualites"],"_links":{"self":[{"href":"https:\/\/www.artdanslacite.eu\/fr\/wp-json\/wp\/v2\/posts\/30434","targetHints":{"allow":["GET"]}}],"collection":[{"href":"https:\/\/www.artdanslacite.eu\/fr\/wp-json\/wp\/v2\/posts"}],"about":[{"href":"https:\/\/www.artdanslacite.eu\/fr\/wp-json\/wp\/v2\/types\/post"}],"author":[{"embeddable":true,"href":"https:\/\/www.artdanslacite.eu\/fr\/wp-json\/wp\/v2\/users\/6"}],"replies":[{"embeddable":true,"href":"https:\/\/www.artdanslacite.eu\/fr\/wp-json\/wp\/v2\/comments?post=30434"}],"version-history":[{"count":2,"href":"https:\/\/www.artdanslacite.eu\/fr\/wp-json\/wp\/v2\/posts\/30434\/revisions"}],"predecessor-version":[{"id":30453,"href":"https:\/\/www.artdanslacite.eu\/fr\/wp-json\/wp\/v2\/posts\/30434\/revisions\/30453"}],"wp:featuredmedia":[{"embeddable":true,"href":"https:\/\/www.artdanslacite.eu\/fr\/wp-json\/wp\/v2\/media\/30456"}],"wp:attachment":[{"href":"https:\/\/www.artdanslacite.eu\/fr\/wp-json\/wp\/v2\/media?parent=30434"}],"wp:term":[{"taxonomy":"category","embeddable":true,"href":"https:\/\/www.artdanslacite.eu\/fr\/wp-json\/wp\/v2\/categories?post=30434"},{"taxonomy":"post_tag","embeddable":true,"href":"https:\/\/www.artdanslacite.eu\/fr\/wp-json\/wp\/v2\/tags?post=30434"}],"curies":[{"name":"wp","href":"https:\/\/api.w.org\/{rel}","templated":true}]}}