{"id":29822,"date":"2018-05-25T08:44:24","date_gmt":"2018-05-25T06:44:24","guid":{"rendered":"https:\/\/www.artdanslacite.eu\/?p=29822"},"modified":"2021-12-13T20:58:36","modified_gmt":"2021-12-13T19:58:36","slug":"de-limportance-de-lart-a-lhopital-a-linnovation-au-service-du-mieux-etre","status":"publish","type":"post","link":"https:\/\/www.artdanslacite.eu\/fr\/de-limportance-de-lart-a-lhopital-a-linnovation-au-service-du-mieux-etre\/","title":{"rendered":"De l\u2019importance de l\u2019art \u00e0 l\u2019h\u00f4pital \u00e0 l\u2019innovation au service du mieux-\u00eatre"},"content":{"rendered":"<section class=\"wpb-content-wrapper\"><p>[vc_row][vc_column][vc_custom_heading text=\u00a0\u00bbDe l\u2019importance de l\u2019art \u00e0 l\u2019h\u00f4pital \u00e0 l\u2019innovation au service du mieux-\u00eatre\u00a0\u00bb font_container=\u00a0\u00bbtag:h1|text_align:left\u00a0\u00bb use_theme_fonts=\u00a0\u00bbyes\u00a0\u00bb][vc_separator color=\u00a0\u00bbjuicy_pink\u00a0\u00bb align=\u00a0\u00bbalign_left\u00a0\u00bb border_width=\u00a0\u00bb5&Prime; el_width=\u00a0\u00bb10&Prime;][vc_row_inner][vc_column_inner][vc_column_text]<\/p>\n<h5>Des arts visuels aux arts num\u00e9riques, depuis 18 ans l\u2019association Art dans la Cit\u00e9 introduit l\u2019art dans les h\u00f4pitaux Fran\u00e7ais mais aussi dans le monde. Aujourd\u2019hui, en utilisant les incroyables capacit\u00e9s que fournissent les outils num\u00e9riques, nous pouvons aller plus loin. D\u2019une part, en proposant des cr\u00e9ations dans des espaces encore non investis par l\u2019art, comme la chambre du patient ou encore les salles de soins ou de traitement. D\u2019autre part, en offrant des cr\u00e9ations qui associent l\u2019interaction \u00e0 la contemplation. Le patient devient alors acteur, il sort de la passivit\u00e9, et face \u00e0 la maladie, c\u2019est un patient combattant.<\/h5>\n<p class=\"commentaire\">L\u2019art est aujourd\u2019hui plus qu\u2019une n\u00e9cessit\u00e9, c\u2019est aussi un formidable outil pour les h\u00f4pitaux qui permet d\u2019apporter un v\u00e9ritable bien-\u00eatre \u00e0 la fois aux patients mais aussi au personnel m\u00e9dical.<br \/>\nILLUMINART &amp; Les ballades multi sensorielles en est un formidable exemple :<br \/>\nC\u2019est le dernier programme imagin\u00e9 et cr\u00e9\u00e9 par Art dans la Cit\u00e9. C\u2019est un dispositif num\u00e9rique innovant et nomade, con\u00e7u pour les chambres et les espaces de soin de l\u2019h\u00f4pital. Il projette des contenus artistiques, interactifs et immersifs, choisis par l\u2019utilisateur, associant le visuel, le sonore et bient\u00f4t l\u2019olfactif. Compagnon id\u00e9al du patient, il participe au processus de gu\u00e9rison en faisant dispara\u00eetre l\u2019environnement m\u00e9dicalis\u00e9 et apporte du mieux-\u00eatre au c\u0153ur m\u00eame de l\u2019h\u00f4pital. Il contribue notoirement \u00e0 la gu\u00e9rison et am\u00e9liore la qualit\u00e9 de l\u2019accueil et du s\u00e9jour du patient et de ses proches, ainsi que les conditions de travail du personnel.<br \/>\nInstall\u00e9 dans une dizaine d\u2019h\u00f4pitaux en France aujourd\u2019hui, ayant fait ses preuves sur les aspects divertissants, p\u00e9dagogiques et th\u00e9rapeutiques, nous allons le d\u00e9ployer largement afin de toucher le maximum de b\u00e9n\u00e9ficiaires, et d\u00e9velopper de nouveaux contenus multi sensorielles..<br \/>\nA suivre\u2026<br \/>\nRachel EVEN<\/p>\n<h3 class=\"titre\" align=\"center\"><\/h3>\n<p>[\/vc_column_text][\/vc_column_inner][\/vc_row_inner][\/vc_column][\/vc_row]<\/p>\n<\/section>","protected":false},"excerpt":{"rendered":"<p>Des arts visuels aux arts num\u00e9riques, depuis 18 ans l\u2019association Art dans la Cit\u00e9 introduit l\u2019art dans les h\u00f4pitaux Fran\u00e7ais mais aussi dans le monde. Aujourd\u2019hui, en utilisant les incroyables capacit\u00e9s que fournissent les outils num\u00e9riques, nous pouvons aller plus loin. D\u2019une part, en proposant des cr\u00e9ations dans des espaces encore non investis par l\u2019art, comme la chambre du patient ou encore les salles de soins ou de traitement. D\u2019autre part, en offrant des cr\u00e9ations qui associent l\u2019interaction \u00e0 la contemplation. Le patient devient alors acteur, il sort de la passivit\u00e9, et face \u00e0 la maladie, c\u2019est un patient combattant. <\/p>\n","protected":false},"author":1,"featured_media":29825,"comment_status":"open","ping_status":"open","sticky":false,"template":"","format":"standard","meta":{"footnotes":""},"categories":[47],"tags":[],"class_list":["post-29822","post","type-post","status-publish","format-standard","has-post-thumbnail","hentry","category-actualites"],"_links":{"self":[{"href":"https:\/\/www.artdanslacite.eu\/fr\/wp-json\/wp\/v2\/posts\/29822","targetHints":{"allow":["GET"]}}],"collection":[{"href":"https:\/\/www.artdanslacite.eu\/fr\/wp-json\/wp\/v2\/posts"}],"about":[{"href":"https:\/\/www.artdanslacite.eu\/fr\/wp-json\/wp\/v2\/types\/post"}],"author":[{"embeddable":true,"href":"https:\/\/www.artdanslacite.eu\/fr\/wp-json\/wp\/v2\/users\/1"}],"replies":[{"embeddable":true,"href":"https:\/\/www.artdanslacite.eu\/fr\/wp-json\/wp\/v2\/comments?post=29822"}],"version-history":[{"count":1,"href":"https:\/\/www.artdanslacite.eu\/fr\/wp-json\/wp\/v2\/posts\/29822\/revisions"}],"predecessor-version":[{"id":29823,"href":"https:\/\/www.artdanslacite.eu\/fr\/wp-json\/wp\/v2\/posts\/29822\/revisions\/29823"}],"wp:featuredmedia":[{"embeddable":true,"href":"https:\/\/www.artdanslacite.eu\/fr\/wp-json\/wp\/v2\/media\/29825"}],"wp:attachment":[{"href":"https:\/\/www.artdanslacite.eu\/fr\/wp-json\/wp\/v2\/media?parent=29822"}],"wp:term":[{"taxonomy":"category","embeddable":true,"href":"https:\/\/www.artdanslacite.eu\/fr\/wp-json\/wp\/v2\/categories?post=29822"},{"taxonomy":"post_tag","embeddable":true,"href":"https:\/\/www.artdanslacite.eu\/fr\/wp-json\/wp\/v2\/tags?post=29822"}],"curies":[{"name":"wp","href":"https:\/\/api.w.org\/{rel}","templated":true}]}}