{"id":29118,"date":"2005-05-05T10:17:10","date_gmt":"2005-05-05T08:17:10","guid":{"rendered":"https:\/\/www.artdanslacite.eu\/?p=29118"},"modified":"2023-09-27T11:37:03","modified_gmt":"2023-09-27T09:37:03","slug":"tableaux-de-paysages","status":"publish","type":"post","link":"https:\/\/www.artdanslacite.eu\/fr\/tableaux-de-paysages\/","title":{"rendered":"Tableaux de paysages"},"content":{"rendered":"<section class=\"wpb-content-wrapper\"><p>[vc_row][vc_column][vc_custom_heading text=\u00a0\u00bbTableaux de paysages \u00a0\u00bb font_container=\u00a0\u00bbtag:h1|text_align:left\u00a0\u00bb use_theme_fonts=\u00a0\u00bbyes\u00a0\u00bb][vc_separator color=\u00a0\u00bbjuicy_pink\u00a0\u00bb align=\u00a0\u00bbalign_left\u00a0\u00bb border_width=\u00a0\u00bb5&Prime; el_width=\u00a0\u00bb10&Prime;][vc_column_text]<\/p>\n<div id=\"titre_page\">\n<h2 class=\"titre\">Cr\u00e9ation de l\u2019artiste\u202fOlivier Masmonteil<\/h2>\n<h3 class=\"accroche\">Centre Hospitalier de Pontoise, France<\/h3>\n<h3 class=\"accroche\">2005<\/h3>\n<h4 class=\"texte\">Couloirs du service des consultations et hospitalisation du B\u00e2timent m\u00e8re enfant \u2013 Peinture acrylique, lavis, encre et brou de noix<\/h4>\n<\/div>\n<div id=\"colonne_droite\"><\/div>\n<p>[\/vc_column_text][vc_separator][vc_row_inner][vc_column_inner][vc_custom_heading text=\u00a0\u00bbLe projet\u00a0\u00bb use_theme_fonts=\u00a0\u00bbyes\u00a0\u00bb][vc_separator color=\u00a0\u00bbjuicy_pink\u00a0\u00bb align=\u00a0\u00bbalign_left\u00a0\u00bb border_width=\u00a0\u00bb2&Prime; el_width=\u00a0\u00bb10&Prime;][vc_column_text]J\u2019ai accept\u00e9 la r\u00e9sidence \u00e0 l\u2019h\u00f4pital pour son aspect d\u2019engagement humain. Ma peinture est contemplative, c\u2019est une r\u00e9flexion sur le paysage, sur l\u2019existence, ce n\u2019est pas un engagement social de premier degr\u00e9. La pratique artistique est souvent solitaire, elle nous exclut du monde.<\/p>\n<p>Dans mon atelier je suis dans un monde id\u00e9al, l\u2019atelier \u00e0 l\u2019h\u00f4pital m\u2019oblige \u00e0 me confronter aux r\u00e9alit\u00e9s du monde contemporain, celles difficiles que vivent certains, probl\u00e8mes de sant\u00e9, violence sociale ou familiale. L\u2019utilit\u00e9 de l\u2019artiste c\u2019est peut-\u00eatre d\u2019apporter un peu de futilit\u00e9, d\u2019amener ces enfants \u00e0 avoir un regard distant et d\u00e9cal\u00e9 sur la soci\u00e9t\u00e9 et leur quotidien, \u00e0 relativiser leurs angoisses. J\u2019ai donc abord\u00e9 l\u2019atelier comme une exp\u00e9rience humaine plus qu\u2019artistique. Les relations \u00e9taient \u00e0 chaque fois uniques, particuli\u00e8res, \u00e9mouvantes. L\u2019atelier avec les enfants \u00e9taient pour moi un espace de jeu et de libert\u00e9. J\u2019ai aussi beaucoup observ\u00e9 la fa\u00e7on dont les enfants tiennent le pinceau. Leur gestuelle spontan\u00e9e, peut \u00eatre maladroite mais tr\u00e8s instinctive et belle pour cela m\u2019a influenc\u00e9, notamment dans ma pratique de l\u2019aquarelle.\u00a0\u00a0 Une \u0153uvre d\u2019art c\u2019est une rencontre. Il y a une trace o\u00f9 quelqu\u2019un a essay\u00e9 de dire quelque chose et d\u2019autre part, il y a un spectateur. C\u2019est un \u00e9change, et pour qu\u2019il y ait \u00e9change, j\u2019aime bien l\u2019id\u00e9e de la fen\u00eatre. Les tableaux r\u00e9alis\u00e9s ici fonctionnent comme des bandes dessin\u00e9es qui racontent plusieurs histoires, qui vont accaparer un moment l\u2019attention du spectateur, cet instant d\u2019\u00e9vasion pourrait le d\u00e9tourner de ses angoisses.[\/vc_column_text][\/vc_column_inner][\/vc_row_inner][\/vc_column][\/vc_row][vc_row][vc_column][vc_custom_heading text=\u00a0\u00bbPortrait de l&rsquo;artiste\u00a0\u00bb use_theme_fonts=\u00a0\u00bbyes\u00a0\u00bb][vc_separator color=\u00a0\u00bbjuicy_pink\u00a0\u00bb align=\u00a0\u00bbalign_left\u00a0\u00bb border_width=\u00a0\u00bb2&Prime; el_width=\u00a0\u00bb10&Prime;][vc_column_text]<\/p>\n<div id=\"titre_page\"><\/div>\n<div id=\"colonne_droite\">\n<p>Olivier Masmonteil <a href=\"http:\/\/www.oliviermasmonteil.com\/\">http:\/\/www.oliviermasmonteil.com\/<\/a><\/p>\n<p>N\u00e9 le 23 septembre 1973, \u00e0 Romilly-sur-Seine, est un artiste-peintre fran\u00e7ais. Dipl\u00f4m\u00e9 de l\u2019Ecole Nationale des Beaux-Arts de Bordeaux<\/p>\n<p>Il s&rsquo;est tout d&rsquo;abord consacr\u00e9 exclusivement au genre du paysage pendant une dizaine d&rsquo;ann\u00e9es. Tout en s\u2019offrant \u00e0 voir dans une diversit\u00e9 de traitement, ses peintures d\u00e9clinent une unit\u00e9 th\u00e9matique dont le paysage est tout \u00e0 la fois le fond et la forme, le sujet et l\u2019objet, le contenu et le contenant. \u00c0 partir de 2012, il se consacre \u00e9galement \u00e0 d&rsquo;autres genres de peinture.<\/p>\n<blockquote><p>La peinture est une exercice exigeant qui r\u00e9clame de la part de celui qui le pratique abn\u00e9gation et foi, doutes et certitudes, enthousiasme et retenue. A une \u00e9poque particuli\u00e8rement sensible \u00e0 toutes les tentations, impatiente d\u2019innovations et avide d\u2019imm\u00e9diatet\u00e9, le choix de la peinture peut passer pour courageux. Il n\u2019en est rien\u2026 Philippe Piguet<\/p><\/blockquote>\n<p class=\"texte\">\n<\/div>\n<p>[\/vc_column_text][\/vc_column][\/vc_row][vc_row][vc_column][vc_custom_heading text=\u00a0\u00bbL&rsquo;H\u00f4pital\u00a0\u00bb use_theme_fonts=\u00a0\u00bbyes\u00a0\u00bb][vc_separator color=\u00a0\u00bbjuicy_pink\u00a0\u00bb align=\u00a0\u00bbalign_left\u00a0\u00bb border_width=\u00a0\u00bb2&Prime; el_width=\u00a0\u00bb10&Prime;][vc_column_text]H\u00f4pital de Pontoise : <a href=\"http:\/\/www.ch-pontoise.fr\/pole-services\/femme-enfant\/\">http:\/\/www.ch-pontoise.fr\/pole-services\/femme-enfant\/<\/a>[\/vc_column_text][\/vc_column][\/vc_row][vc_row][vc_column][vc_custom_heading text=\u00a0\u00bbLa galerie \u00a0\u00bb use_theme_fonts=\u00a0\u00bbyes\u00a0\u00bb][vc_separator color=\u00a0\u00bbjuicy_pink\u00a0\u00bb align=\u00a0\u00bbalign_left\u00a0\u00bb border_width=\u00a0\u00bb2&Prime; el_width=\u00a0\u00bb10&Prime;][vc_gallery type=\u00a0\u00bbimage_grid\u00a0\u00bb images=\u00a0\u00bb29144,29142,29140,29138,29136,29134,29132&Prime; img_size=\u00a0\u00bb\u00a0\u00bb][\/vc_column][\/vc_row]<\/p>\n<\/section>","protected":false},"excerpt":{"rendered":"<p>[vc_row][vc_column][vc_custom_heading text=\u00a0\u00bbTableaux de paysages \u00a0\u00bb font_container=\u00a0\u00bbtag:h1|text_align:left\u00a0\u00bb use_theme_fonts=\u00a0\u00bbyes\u00a0\u00bb][vc_separator color=\u00a0\u00bbjuicy_pink\u00a0\u00bb align=\u00a0\u00bbalign_left\u00a0\u00bb border_width=\u00a0\u00bb5&Prime; el_width=\u00a0\u00bb10&Prime;][vc_column_text] Cr\u00e9ation de l\u2019artiste\u202fOlivier Masmonteil Centre Hospitalier de Pontoise, France 2005 Couloirs du service des consultations et hospitalisation du B\u00e2timent m\u00e8re enfant \u2013 Peinture acrylique, lavis, encre et brou de<span class=\"excerpt-hellip\"> [\u2026]<\/span><\/p>\n","protected":false},"author":1,"featured_media":28763,"comment_status":"closed","ping_status":"open","sticky":false,"template":"","format":"standard","meta":{"footnotes":""},"categories":[101,35],"tags":[],"class_list":["post-29118","post","type-post","status-publish","format-standard","has-post-thumbnail","hentry","category-oeuvre-in-situ","category-realisations"],"_links":{"self":[{"href":"https:\/\/www.artdanslacite.eu\/fr\/wp-json\/wp\/v2\/posts\/29118","targetHints":{"allow":["GET"]}}],"collection":[{"href":"https:\/\/www.artdanslacite.eu\/fr\/wp-json\/wp\/v2\/posts"}],"about":[{"href":"https:\/\/www.artdanslacite.eu\/fr\/wp-json\/wp\/v2\/types\/post"}],"author":[{"embeddable":true,"href":"https:\/\/www.artdanslacite.eu\/fr\/wp-json\/wp\/v2\/users\/1"}],"replies":[{"embeddable":true,"href":"https:\/\/www.artdanslacite.eu\/fr\/wp-json\/wp\/v2\/comments?post=29118"}],"version-history":[{"count":3,"href":"https:\/\/www.artdanslacite.eu\/fr\/wp-json\/wp\/v2\/posts\/29118\/revisions"}],"predecessor-version":[{"id":29147,"href":"https:\/\/www.artdanslacite.eu\/fr\/wp-json\/wp\/v2\/posts\/29118\/revisions\/29147"}],"wp:featuredmedia":[{"embeddable":true,"href":"https:\/\/www.artdanslacite.eu\/fr\/wp-json\/wp\/v2\/media\/28763"}],"wp:attachment":[{"href":"https:\/\/www.artdanslacite.eu\/fr\/wp-json\/wp\/v2\/media?parent=29118"}],"wp:term":[{"taxonomy":"category","embeddable":true,"href":"https:\/\/www.artdanslacite.eu\/fr\/wp-json\/wp\/v2\/categories?post=29118"},{"taxonomy":"post_tag","embeddable":true,"href":"https:\/\/www.artdanslacite.eu\/fr\/wp-json\/wp\/v2\/tags?post=29118"}],"curies":[{"name":"wp","href":"https:\/\/api.w.org\/{rel}","templated":true}]}}