{"id":28849,"date":"2006-03-03T18:56:26","date_gmt":"2006-03-03T17:56:26","guid":{"rendered":"https:\/\/www.artdanslacite.eu\/?p=28849"},"modified":"2023-09-27T11:36:09","modified_gmt":"2023-09-27T09:36:09","slug":"les-plongeurs-de-limaginaire","status":"publish","type":"post","link":"https:\/\/www.artdanslacite.eu\/fr\/les-plongeurs-de-limaginaire\/","title":{"rendered":"Les plongeurs de l&rsquo;imaginaire"},"content":{"rendered":"<section class=\"wpb-content-wrapper\"><p>[vc_row][vc_column][vc_custom_heading text=\u00a0\u00bbLes plongeurs de l&rsquo;imaginaire\u00a0\u00bb font_container=\u00a0\u00bbtag:h1|text_align:left\u00a0\u00bb use_theme_fonts=\u00a0\u00bbyes\u00a0\u00bb][vc_separator color=\u00a0\u00bbjuicy_pink\u00a0\u00bb align=\u00a0\u00bbalign_left\u00a0\u00bb border_width=\u00a0\u00bb5&Prime; el_width=\u00a0\u00bb10&Prime;][vc_column_text]<\/p>\n<blockquote>\n<h2 class=\"accroche\"><em>\u00ab\u00a0Le vrai ciel c&rsquo;est celui que vous voyez au fond de l&rsquo;eau.\u00a0\u00bb<\/em><\/h2>\n<\/blockquote>\n<h3 class=\"titre\">Cr\u00e9ation de Lize Couzinier<\/h3>\n<h3 class=\"texte\">2006<\/h3>\n<p>[\/vc_column_text][vc_separator][vc_row_inner][vc_column_inner][vc_custom_heading text=\u00a0\u00bbLe projet\u00a0\u00bb use_theme_fonts=\u00a0\u00bbyes\u00a0\u00bb][vc_separator color=\u00a0\u00bbjuicy_pink\u00a0\u00bb align=\u00a0\u00bbalign_left\u00a0\u00bb border_width=\u00a0\u00bb2&Prime; el_width=\u00a0\u00bb10&Prime;][vc_column_text]<\/p>\n<p class=\"texte\">Jocelyne, Eric, Christian, Yves, Jacqueline et Marie-Jos\u00e9 sont autant de pr\u00e9noms devenus familiers au fil des ateliers. Autant de teintes, d\u2019\u00e9nergies, de formes et de couleurs singuli\u00e8res. Toute une palette nouvelle s\u2019offrait \u00e0 moi avec une multitude d\u2019expressions \u00e0 exp\u00e9rimenter.<\/p>\n<p class=\"texte\">Comment faire pour immerger ces personnes dans mon univers artistique. Toute une aventure. Nous avions besoin en premier lieu d\u2019un plan pour nous guider dans notre projet. \u00c0 l\u2019aide de feutres et de crayons de couleurs nous avons fait le tour de notre future histoire. Et nous voil\u00e0 partis sur les chemins de la diversit\u00e9 plastique autour de la conception de notre id\u00e9e. Des moulages, des assemblages, des bandages, du grillage et de la colle \u00e0 papier peint multi-usages. Autant de traces laiss\u00e9es pour mieux nous rep\u00e9rer dans cette carte aux sentiers m\u00e9lang\u00e9s. L\u2019objectif \u00e0 atteindre \u00e9tant de concevoir des sculptures de nageurs bleu azur myst\u00e9rieusement sortis du sol pour respirer. Une exp\u00e9rience bas\u00e9e sur le corps, corps d\u2019aventuriers mis \u00e0 l\u2019\u00e9preuve, mod\u00e8les essouffl\u00e9s. D\u2019abord la main, le bras puis le cou ! Comme si l\u2019on touchait la surface de l\u2019eau avec l\u2019index, juste pour la go\u00fbter, puis y plongeant la main pour s\u2019y amuser, puis le bras tout en laissant son corps dispara\u00eetre dedans. Il aurait \u00e9t\u00e9 plus facile que l\u2019eau reste \u00e0 l\u2019\u00e9tat liquide. Mais, l\u2019eau se durcit, le corps se raidit, les membres lourds et oppress\u00e9s s\u2019agitent et se cassent. \u00ab\u00a0Quelle id\u00e9e folle d\u2019artiste, le moulage !\u00a0\u00bb.<\/p>\n<p class=\"texte\">Tant que la nuance d\u2019\u00c9ric, avec la teinte d\u2019Yves, et la ligne de Christian avec les courbes de Jacqueline s\u2019accordent et que l\u2019effet s\u2019emplit d\u2019\u00e9motions m\u00eame en suivant les hors-pistes de la cr\u00e9ation. Chaque \u00e9tape a son utilit\u00e9, chaque palier sa compr\u00e9hension, chaque pause son efficacit\u00e9 et l\u2019eau appara\u00eet comme liant vital de la composition.<\/p>\n<p class=\"texte\">Ces \u00ab\u00a0plongeurs\u00a0\u00bb v\u00e9hiculent l\u2019id\u00e9e d\u2019un va-et-vient entre le r\u00e9el et l\u2019irr\u00e9el, ils repr\u00e9sentent cette fronti\u00e8re mince et subtile que chacun a. L\u2019humain, fait d\u2019incertitudes et de certitudes, s\u2019est av\u00e9r\u00e9 pour moi un choix pertinent quant \u00e0 l&rsquo;illustration de ce passage \u00e9troit. Les plongeurs de l\u2019imaginaire tels que je les nomme, signifient par leur couleur : l\u2019\u00e9l\u00e9ment\u00a0<em>eau<\/em>\u00a0mais aussi le\u00a0<em>ciel<\/em>. Ainsi \u00ab\u00a0Le vrai ciel, c&rsquo;est celui que vous voyez au fond de l&rsquo;eau\u00a0\u00bb pose la question du regard. Ces sculptures\u00a0sorties de terre, \u00e9voquent \u00e0 la fois l\u2019intrusion, la simple curiosit\u00e9, l\u2019hallucination, l\u2019\u00e9tonnement ou bien l\u2019\u00e9merveillement. Tout reste une question de point de vue ou d\u2019appr\u00e9hension face \u00e0 l\u2019inconnu et \u00e0 notre capacit\u00e9 \u00e0 voir les choses d\u2019un bon ou mauvais c\u00f4t\u00e9. Ces plongeurs de l\u2019oubli, comme je les nomme aussi, font na\u00eetre en nous des questionnements autour de l\u2019inconscient, du myst\u00e8re. Qu\u2019ont-ils explor\u00e9 sous terre, qu\u2019ont-ils vu ? Qu\u2019ont-ils \u00e0 nous raconter ? Ils t\u00e9moignent des possibles, de la non limitation de l\u2019esprit qui a la facult\u00e9 de pouvoir se d\u00e9placer o\u00f9 il le souhaite. Une telle r\u00e9alisation dans le cadre d\u2019un \u00e9tablissement psychiatrique n\u2019est pas neutre. Ce sont donc les patients qui s\u2019empareront de toute la r\u00eaverie autour du projet, leur regard sera celui des plongeurs.<\/p>\n<p>[\/vc_column_text][\/vc_column_inner][\/vc_row_inner][\/vc_column][\/vc_row][vc_row disable_element=\u00a0\u00bbyes\u00a0\u00bb][vc_column][vc_custom_heading text=\u00a0\u00bbPortrait de l&rsquo;artiste\u00a0\u00bb use_theme_fonts=\u00a0\u00bbyes\u00a0\u00bb][vc_separator color=\u00a0\u00bbjuicy_pink\u00a0\u00bb align=\u00a0\u00bbalign_left\u00a0\u00bb border_width=\u00a0\u00bb2&Prime; el_width=\u00a0\u00bb10&Prime;][vc_column_text]<\/p>\n<div id=\"titre_page\"><\/div>\n<div id=\"colonne_droite\">\n<p class=\"texte\">Stanislao Di Giugno, n\u00e9 en 1969 \u00e0 Rome, vit et travaille entre Rome et Berlin.<br \/>\nIl est repr\u00e9sent\u00e9 par la\u00a0<a title=\"Galerie Tiziana di Caro\" href=\"http:\/\/www.artdanslacite.eu\/site\/Galerie-Tiziana-di-Caro-fr-46-1.html\">galerie Tiziana di Caro<\/a>.<\/p>\n<p class=\"texte\">\n<\/div>\n<p>[\/vc_column_text][\/vc_column][\/vc_row][vc_row disable_element=\u00a0\u00bbyes\u00a0\u00bb][vc_column][vc_custom_heading text=\u00a0\u00bbL&rsquo;H\u00f4pital\u00a0\u00bb use_theme_fonts=\u00a0\u00bbyes\u00a0\u00bb][vc_separator color=\u00a0\u00bbjuicy_pink\u00a0\u00bb align=\u00a0\u00bbalign_left\u00a0\u00bb border_width=\u00a0\u00bb2&Prime; el_width=\u00a0\u00bb10&Prime;][vc_column_text]<\/p>\n<div id=\"titre_page\">\u00a0<a title=\"Policlinico Umberto I\" href=\"http:\/\/www.artdanslacite.eu\/site\/Policlinico-Umberto-I-fr-47-1.html\">Site internet de la policlinico Umberto I<\/a><\/div>\n<div id=\"colonne_droite\">\n<p class=\"texte\">\n<\/div>\n<p>[\/vc_column_text][\/vc_column][\/vc_row][vc_row][vc_column][vc_custom_heading text=\u00a0\u00bbLa galerie photos\u00a0\u00bb use_theme_fonts=\u00a0\u00bbyes\u00a0\u00bb][vc_separator color=\u00a0\u00bbjuicy_pink\u00a0\u00bb align=\u00a0\u00bbalign_left\u00a0\u00bb border_width=\u00a0\u00bb2&Prime; el_width=\u00a0\u00bb10&Prime;][vc_gallery type=\u00a0\u00bbimage_grid\u00a0\u00bb images=\u00a0\u00bb28851,28852,28850&Prime; img_size=\u00a0\u00bb\u00a0\u00bb][\/vc_column][\/vc_row][vc_row disable_element=\u00a0\u00bbyes\u00a0\u00bb][vc_column][vc_custom_heading text=\u00a0\u00bbLa galerie vid\u00e9os\u00a0\u00bb use_theme_fonts=\u00a0\u00bbyes\u00a0\u00bb][vc_separator color=\u00a0\u00bbjuicy_pink\u00a0\u00bb align=\u00a0\u00bbalign_left\u00a0\u00bb border_width=\u00a0\u00bb2&Prime; el_width=\u00a0\u00bb10&Prime;][\/vc_column][\/vc_row][vc_row disable_element=\u00a0\u00bbyes\u00a0\u00bb][vc_column width=\u00a0\u00bb1\/2&Prime;][vc_video link=\u00a0\u00bbhttps:\/\/vimeo.com\/207132233&Prime;][\/vc_column][vc_column width=\u00a0\u00bb1\/2&Prime;][vc_video link=\u00a0\u00bbhttps:\/\/vimeo.com\/242988167&Prime;][\/vc_column][\/vc_row][vc_row disable_element=\u00a0\u00bbyes\u00a0\u00bb][vc_column width=\u00a0\u00bb1\/3&Prime;][vc_btn title=\u00a0\u00bbLe blog du projet\u00a0\u00bb style=\u00a0\u00bb3d\u00a0\u00bb color=\u00a0\u00bbdanger\u00a0\u00bb size=\u00a0\u00bblg\u00a0\u00bb i_icon_fontawesome=\u00a0\u00bbfa fa-envira\u00a0\u00bb link=\u00a0\u00bburl:http%3A%2F%2Filluminartaquariumvirtuel.blogspot.fr%2F||target:%20_blank|\u00a0\u00bb add_icon=\u00a0\u00bbtrue\u00a0\u00bb][\/vc_column][vc_column width=\u00a0\u00bb1\/3&Prime;][vc_btn title=\u00a0\u00bbLe film du projet\u00a0\u00bb style=\u00a0\u00bb3d\u00a0\u00bb size=\u00a0\u00bblg\u00a0\u00bb i_icon_fontawesome=\u00a0\u00bbfa fa-film\u00a0\u00bb link=\u00a0\u00bburl:https%3A%2F%2Fvimeo.com%2F207132233||target:%20_blank|\u00a0\u00bb add_icon=\u00a0\u00bbtrue\u00a0\u00bb][\/vc_column][vc_column width=\u00a0\u00bb1\/3&Prime;][\/vc_column][\/vc_row]<\/p>\n<\/section>","protected":false},"excerpt":{"rendered":"<p>[vc_row][vc_column][vc_custom_heading text=\u00a0\u00bbLes plongeurs de l&rsquo;imaginaire\u00a0\u00bb font_container=\u00a0\u00bbtag:h1|text_align:left\u00a0\u00bb use_theme_fonts=\u00a0\u00bbyes\u00a0\u00bb][vc_separator color=\u00a0\u00bbjuicy_pink\u00a0\u00bb align=\u00a0\u00bbalign_left\u00a0\u00bb border_width=\u00a0\u00bb5&Prime; el_width=\u00a0\u00bb10&Prime;][vc_column_text] \u00ab\u00a0Le vrai ciel c&rsquo;est celui que vous voyez au fond de l&rsquo;eau.\u00a0\u00bb Cr\u00e9ation de Lize Couzinier 2006 [\/vc_column_text][vc_separator][vc_row_inner][vc_column_inner][vc_custom_heading text=\u00a0\u00bbLe projet\u00a0\u00bb use_theme_fonts=\u00a0\u00bbyes\u00a0\u00bb][vc_separator color=\u00a0\u00bbjuicy_pink\u00a0\u00bb align=\u00a0\u00bbalign_left\u00a0\u00bb border_width=\u00a0\u00bb2&Prime; el_width=\u00a0\u00bb10&Prime;][vc_column_text] Jocelyne, Eric, Christian, Yves,<span class=\"excerpt-hellip\"> [\u2026]<\/span><\/p>\n","protected":false},"author":1,"featured_media":28901,"comment_status":"closed","ping_status":"open","sticky":false,"template":"","format":"standard","meta":{"footnotes":""},"categories":[101,35],"tags":[],"class_list":["post-28849","post","type-post","status-publish","format-standard","has-post-thumbnail","hentry","category-oeuvre-in-situ","category-realisations"],"_links":{"self":[{"href":"https:\/\/www.artdanslacite.eu\/fr\/wp-json\/wp\/v2\/posts\/28849","targetHints":{"allow":["GET"]}}],"collection":[{"href":"https:\/\/www.artdanslacite.eu\/fr\/wp-json\/wp\/v2\/posts"}],"about":[{"href":"https:\/\/www.artdanslacite.eu\/fr\/wp-json\/wp\/v2\/types\/post"}],"author":[{"embeddable":true,"href":"https:\/\/www.artdanslacite.eu\/fr\/wp-json\/wp\/v2\/users\/1"}],"replies":[{"embeddable":true,"href":"https:\/\/www.artdanslacite.eu\/fr\/wp-json\/wp\/v2\/comments?post=28849"}],"version-history":[{"count":1,"href":"https:\/\/www.artdanslacite.eu\/fr\/wp-json\/wp\/v2\/posts\/28849\/revisions"}],"predecessor-version":[{"id":28853,"href":"https:\/\/www.artdanslacite.eu\/fr\/wp-json\/wp\/v2\/posts\/28849\/revisions\/28853"}],"wp:featuredmedia":[{"embeddable":true,"href":"https:\/\/www.artdanslacite.eu\/fr\/wp-json\/wp\/v2\/media\/28901"}],"wp:attachment":[{"href":"https:\/\/www.artdanslacite.eu\/fr\/wp-json\/wp\/v2\/media?parent=28849"}],"wp:term":[{"taxonomy":"category","embeddable":true,"href":"https:\/\/www.artdanslacite.eu\/fr\/wp-json\/wp\/v2\/categories?post=28849"},{"taxonomy":"post_tag","embeddable":true,"href":"https:\/\/www.artdanslacite.eu\/fr\/wp-json\/wp\/v2\/tags?post=28849"}],"curies":[{"name":"wp","href":"https:\/\/api.w.org\/{rel}","templated":true}]}}