{"id":28839,"date":"2007-03-05T18:37:31","date_gmt":"2007-03-05T17:37:31","guid":{"rendered":"https:\/\/www.artdanslacite.eu\/?p=28839"},"modified":"2023-09-27T11:35:40","modified_gmt":"2023-09-27T09:35:40","slug":"fresques-murales","status":"publish","type":"post","link":"https:\/\/www.artdanslacite.eu\/fr\/fresques-murales\/","title":{"rendered":"Fresques murales"},"content":{"rendered":"<section class=\"wpb-content-wrapper\"><p>[vc_row][vc_column][vc_custom_heading text=\u00a0\u00bbFresques murales\u00a0\u00bb font_container=\u00a0\u00bbtag:h1|text_align:left\u00a0\u00bb use_theme_fonts=\u00a0\u00bbyes\u00a0\u00bb][vc_separator color=\u00a0\u00bbjuicy_pink\u00a0\u00bb align=\u00a0\u00bbalign_left\u00a0\u00bb border_width=\u00a0\u00bb5&Prime; el_width=\u00a0\u00bb10&Prime;][vc_column_text]<\/p>\n<div id=\"titre_page\">\n<h2 class=\"texte\">Cr\u00e9ation de Sylvie Denet et Lo\u00efc Loeiz Hamon<\/h2>\n<\/div>\n<div id=\"colonne_droite\">\n<h3 class=\"accroche\">Institut mutualiste Montsouris, Paris, France<\/h3>\n<h3 class=\"accroche\">2007<\/h3>\n<h4 class=\"texte\">Couloirs d\u2019hospitalisation, service psychiatrie p\u00e9diatrique &#8211; Acrylique sur murs<\/h4>\n<\/div>\n<h4 class=\"texte\"><\/h4>\n<p>[\/vc_column_text][vc_separator][vc_row_inner][vc_column_inner][vc_custom_heading text=\u00a0\u00bbLe projet\u00a0\u00bb use_theme_fonts=\u00a0\u00bbyes\u00a0\u00bb][vc_separator color=\u00a0\u00bbjuicy_pink\u00a0\u00bb align=\u00a0\u00bbalign_left\u00a0\u00bb border_width=\u00a0\u00bb2&Prime; el_width=\u00a0\u00bb10&Prime;][vc_column_text]<\/p>\n<p class=\"texte\">L\u2019intention de ce projet \u00e9tait de transformer les couloirs qui desservent les chambres et la salle \u00e0 manger du 2<sup>e<\/sup>\u00a0\u00e9tage du b\u00e2timent de psychiatrie de l\u2019adolescent de l\u2019IMM.<br \/>\nSylvie Denet et Lo\u00efc Loe\u00efz Hamon sont deux artistes issus de domaines diff\u00e9rents mais qui se sont r\u00e9unis afin de mettre en ad\u00e9quation leur projet artistique aupr\u00e8s des jeunes enfants hospitalis\u00e9s de cet institut.<br \/>\nSylvie Denet a travaill\u00e9 \u00ab\u00a0c\u00f4t\u00e9 cour\u00a0\u00bb du service avec un groupe d&rsquo;enfant. Son concept : d\u00e9tourner des objets du quotidien, en les d\u00e9formant \u00e0 travers un \u00e9clairage et un travail sur les ombres pour leur donner des formes issues de l\u2019imaginaire des enfants.<br \/>\nLes enfants avaient le choix d\u2019apporter les objets qu\u2019ils voulaient et cela les amenait \u00e0 questionner leur environnement. C\u2019est par une manipulation de ces objets face \u00e0 la lumi\u00e8re (d\u00e9formation, changement d\u2019\u00e9chelle, accumulation d\u2019objets, agencement h\u00e9t\u00e9roclite\u2026) qu\u2019ils on pu intervenir sur cet environnement.<br \/>\nLes adolescents ont \u00e9t\u00e9 amen\u00e9s \u00e0 exp\u00e9rimenter des techniques manuelles de travail : d\u00e9coupage, d\u00e9tourage des formes, projection\u2026 afin de faire na\u00eetre une proposition plastique de formes et de couleurs pour le couloir.<\/p>\n<p class=\"texte\">Lo\u00efc Loe\u00efz Hamon a travaill\u00e9 \u00ab\u00a0c\u00f4t\u00e9 jardin\u00a0\u00bb. Il a effectu\u00e9 une fresque v\u00e9g\u00e9tale, monochrome noire, investissant deux murs. L\u2019id\u00e9e lui est venue gr\u00e2ces aux vitres plac\u00e9es \u00e0 chaque extr\u00e9mit\u00e9 du couloir. Par ces fen\u00eatres, on voit de la v\u00e9g\u00e9tation : des arbres, des buissons, de la nature bien r\u00e9elle. L\u2019id\u00e9e \u00e9tait de prolonger, sur les murs du couloir, cette v\u00e9g\u00e9tation, mais cette fois fantasm\u00e9e, invent\u00e9e, une v\u00e9g\u00e9tation de fiction. Le projet s\u2019est effectu\u00e9 en plusieurs \u00e9tapes, de recherche des formes, de dessins, de d\u00e9coupage et de montage. Enfin, les dessins r\u00e9alis\u00e9s par les patients \u00e0 l\u2019\u00e9chelle, ont ensuite \u00e9t\u00e9 reproduits sur les murs et peints, afin de donner vie \u00e0 ces v\u00e9g\u00e9taux.<\/p>\n<p class=\"texte\">Au d\u00e9but, la difficult\u00e9 pour ces jeunes patients \u00e9tait de faire ressortir leurs sentiments. Cependant, il s&rsquo;est cr\u00e9\u00e9e entre les artistes et les enfants une v\u00e9ritable complicit\u00e9 qui leur a permis de s&rsquo;\u00e9panouir pleinement \u00e0 travers l&rsquo;id\u00e9e de modifier et de donner de la couleur \u00e0 leur quotidien.<br \/>\nL&rsquo;expression artistique leur a permis de se lib\u00e9rer gr\u00e2ce \u00e0 la participation dynamique et complice des artistes.<\/p>\n<p>[\/vc_column_text][\/vc_column_inner][\/vc_row_inner][\/vc_column][\/vc_row][vc_row][vc_column][vc_custom_heading text=\u00a0\u00bbPortrait des artistes\u00a0\u00bb use_theme_fonts=\u00a0\u00bbyes\u00a0\u00bb][vc_separator color=\u00a0\u00bbjuicy_pink\u00a0\u00bb align=\u00a0\u00bbalign_left\u00a0\u00bb border_width=\u00a0\u00bb2&Prime; el_width=\u00a0\u00bb10&Prime;][vc_column_text]<\/p>\n<p class=\"texte\"><a title=\"Sylvie Denet\" href=\"http:\/\/www.artdanslacite.eu\/site\/Sylvie-Denet-fr-48-1.html\"><strong>Sylvie Denet<\/strong><\/a>, n\u00e9e en 1962 \u00e0 Paris, vit et travaille \u00e0 Aubervilliers (93). Artiste aux activit\u00e9s professionnelles diverses (peinture d\u00e9coration, accessoires, sculptures, sc\u00e9nographies, illustrations\u2026 pour le cin\u00e9ma, le th\u00e9\u00e2tre et les expositions), les \u0153uvres de Sylvie sont des combinaisons d\u2019objets et de mat\u00e9riaux de tous les jours aux formes uniques.<br \/>\nConsid\u00e9r\u00e9e comme une artiste itin\u00e9rante, elle met sans cesse en \u00e9vidence les aspects \u00e9tranges et merveilleux de la vie.<\/p>\n<p class=\"texte\"><a title=\"Lo\u00efc Loeiz Hamon\" href=\"http:\/\/www.artdanslacite.eu\/site\/Loic-Loeiz-Hamon-fr-49-1.html\"><strong>Lo\u00efc Loeiz Hamon<\/strong><\/a>, plasticien, photographe, sc\u00e9nographe et graphiste, Lo\u00efc Loeiz Hamon vit \u00e0 Vincennes (94). Conseiller artistique pour le th\u00e9\u00e2tre l\u2019Apostrophe, sc\u00e8ne nationale du Val-d\u2019Oise (95), il tend \u00e0 r\u00e9duire la fronti\u00e8re entre sa vie et son travail. Mettant en sc\u00e8ne son anatomie dans des oeuvres de fiction, il s\u2019attache par ailleurs \u00e0 explorer l\u2019intime des autres, induisant la rencontre avec l\u2019autre.<\/p>\n<p>[\/vc_column_text][\/vc_column][\/vc_row][vc_row][vc_column][vc_custom_heading text=\u00a0\u00bbL&rsquo;H\u00f4pital\u00a0\u00bb use_theme_fonts=\u00a0\u00bbyes\u00a0\u00bb][vc_separator color=\u00a0\u00bbjuicy_pink\u00a0\u00bb align=\u00a0\u00bbalign_left\u00a0\u00bb border_width=\u00a0\u00bb2&Prime; el_width=\u00a0\u00bb10&Prime;][vc_column_text]<a title=\"IMM\" href=\"http:\/\/www.artdanslacite.eu\/site\/IMM-fr-50-1.html\">L\u2019Institut mutualiste Montsouris<\/a>\u00a0est un h\u00f4pital priv\u00e9 \u00e0 but non lucratif participant au service public hospitalier. Inaugur\u00e9 en 1999, il a \u00e9t\u00e9 class\u00e9 premier h\u00f4pital priv\u00e9 dans le palmar\u00e8s du magasine\u00a0<em>Le Point<\/em>.[\/vc_column_text][\/vc_column][\/vc_row][vc_row][vc_column][vc_custom_heading text=\u00a0\u00bbLa galerie \u00a0\u00bb use_theme_fonts=\u00a0\u00bbyes\u00a0\u00bb][vc_separator color=\u00a0\u00bbjuicy_pink\u00a0\u00bb align=\u00a0\u00bbalign_left\u00a0\u00bb border_width=\u00a0\u00bb2&Prime; el_width=\u00a0\u00bb10&Prime;][vc_gallery type=\u00a0\u00bbimage_grid\u00a0\u00bb images=\u00a0\u00bb28841,28842,28840&Prime; img_size=\u00a0\u00bb\u00a0\u00bb][\/vc_column][\/vc_row]<\/p>\n<\/section>","protected":false},"excerpt":{"rendered":"<p>[vc_row][vc_column][vc_custom_heading text=\u00a0\u00bbFresques murales\u00a0\u00bb font_container=\u00a0\u00bbtag:h1|text_align:left\u00a0\u00bb use_theme_fonts=\u00a0\u00bbyes\u00a0\u00bb][vc_separator color=\u00a0\u00bbjuicy_pink\u00a0\u00bb align=\u00a0\u00bbalign_left\u00a0\u00bb border_width=\u00a0\u00bb5&Prime; el_width=\u00a0\u00bb10&Prime;][vc_column_text] Cr\u00e9ation de Sylvie Denet et Lo\u00efc Loeiz Hamon Institut mutualiste Montsouris, Paris, France 2007 Couloirs d\u2019hospitalisation, service psychiatrie p\u00e9diatrique &#8211; Acrylique sur murs [\/vc_column_text][vc_separator][vc_row_inner][vc_column_inner][vc_custom_heading text=\u00a0\u00bbLe projet\u00a0\u00bb use_theme_fonts=\u00a0\u00bbyes\u00a0\u00bb][vc_separator color=\u00a0\u00bbjuicy_pink\u00a0\u00bb align=\u00a0\u00bbalign_left\u00a0\u00bb border_width=\u00a0\u00bb2&Prime; el_width=\u00a0\u00bb10&Prime;][vc_column_text]<span class=\"excerpt-hellip\"> [\u2026]<\/span><\/p>\n","protected":false},"author":1,"featured_media":28760,"comment_status":"closed","ping_status":"open","sticky":false,"template":"","format":"standard","meta":{"footnotes":""},"categories":[101,35],"tags":[],"class_list":["post-28839","post","type-post","status-publish","format-standard","has-post-thumbnail","hentry","category-oeuvre-in-situ","category-realisations"],"_links":{"self":[{"href":"https:\/\/www.artdanslacite.eu\/fr\/wp-json\/wp\/v2\/posts\/28839","targetHints":{"allow":["GET"]}}],"collection":[{"href":"https:\/\/www.artdanslacite.eu\/fr\/wp-json\/wp\/v2\/posts"}],"about":[{"href":"https:\/\/www.artdanslacite.eu\/fr\/wp-json\/wp\/v2\/types\/post"}],"author":[{"embeddable":true,"href":"https:\/\/www.artdanslacite.eu\/fr\/wp-json\/wp\/v2\/users\/1"}],"replies":[{"embeddable":true,"href":"https:\/\/www.artdanslacite.eu\/fr\/wp-json\/wp\/v2\/comments?post=28839"}],"version-history":[{"count":1,"href":"https:\/\/www.artdanslacite.eu\/fr\/wp-json\/wp\/v2\/posts\/28839\/revisions"}],"predecessor-version":[{"id":28843,"href":"https:\/\/www.artdanslacite.eu\/fr\/wp-json\/wp\/v2\/posts\/28839\/revisions\/28843"}],"wp:featuredmedia":[{"embeddable":true,"href":"https:\/\/www.artdanslacite.eu\/fr\/wp-json\/wp\/v2\/media\/28760"}],"wp:attachment":[{"href":"https:\/\/www.artdanslacite.eu\/fr\/wp-json\/wp\/v2\/media?parent=28839"}],"wp:term":[{"taxonomy":"category","embeddable":true,"href":"https:\/\/www.artdanslacite.eu\/fr\/wp-json\/wp\/v2\/categories?post=28839"},{"taxonomy":"post_tag","embeddable":true,"href":"https:\/\/www.artdanslacite.eu\/fr\/wp-json\/wp\/v2\/tags?post=28839"}],"curies":[{"name":"wp","href":"https:\/\/api.w.org\/{rel}","templated":true}]}}