{"id":28787,"date":"2011-11-23T14:14:49","date_gmt":"2011-11-23T13:14:49","guid":{"rendered":"https:\/\/www.artdanslacite.eu\/?p=28787"},"modified":"2023-09-07T17:04:48","modified_gmt":"2023-09-07T15:04:48","slug":"boreal","status":"publish","type":"post","link":"https:\/\/www.artdanslacite.eu\/fr\/boreal\/","title":{"rendered":"Bor\u00e9al"},"content":{"rendered":"<section class=\"wpb-content-wrapper\"><p>[vc_row][vc_column][vc_custom_heading text=\u00a0\u00bbBor\u00e9al\u00a0\u00bb font_container=\u00a0\u00bbtag:h1|text_align:left\u00a0\u00bb use_theme_fonts=\u00a0\u00bbyes\u00a0\u00bb][vc_separator color=\u00a0\u00bbjuicy_pink\u00a0\u00bb align=\u00a0\u00bbalign_left\u00a0\u00bb border_width=\u00a0\u00bb5&Prime; el_width=\u00a0\u00bb10&Prime;][\/vc_column][\/vc_row][vc_row][vc_column][vc_column_text]<\/p>\n<div id=\"titre_page\">\n<h3 class=\"titre\">Hugo Verlinde<\/h3>\n<h3>2011<\/h3>\n<\/div>\n<div id=\"colonne_droite\">\n<p class=\"texte\">Le centre hospitalier d\u2019Annecy a consult\u00e9 Art dans la Cit\u00e9 en 2010 afin de r\u00e9fl\u00e9chir \u00e0 une \u0153uvre pour les chambres du service de r\u00e9animation, destin\u00e9e aux patients qui sortent d\u2019un coma prolong\u00e9 et \u00e0 leurs visiteurs.<br \/>\nD\u2019un point de vue m\u00e9dical, la phase de r\u00e9veil est une \u00e9tape critique pour le r\u00e9tablissement du patient. Pouvant durer plusieurs semaines, elle est tr\u00e8s fr\u00e9quemment accompagn\u00e9e d\u2019un syndrome confusionnel : troubles du comportement, agitation, d\u00e9routement, confusion allant jusqu\u2019\u00e0 l\u2019hallucination sensorielle. C\u2019est une phase tr\u00e8s \u00e9prouvante pour le patient comme pour son entourage, famille ou personnel m\u00e9dical.<br \/>\nLa pr\u00e9sence d\u2019une oeuvre d\u2019art dans ce lieu difficile \u00ab\u00a0doit pouvoir diminuer la souffrance du patient en captant ses sens, sa vue, son audition et \u00e9ventuellement le toucher, en lui redonnant une sensation d\u2019espace, de libert\u00e9, ou en recr\u00e9ant un milieu familier voire familial, en le faisant participer dans un syst\u00e8me interactif\u00a0\u00bb affirme le docteur Sirodot, chef du service de r\u00e9animation.<br \/>\nLe projet propos\u00e9, intitul\u00e9\u00a0<em>Bor\u00e9al<\/em>, de l\u2019artiste Hugo Verlinde, r\u00e9pond \u00e0 ces attentes. L\u2019\u0153uvre intelligente s\u2019animera en r\u00e9ponse \u00e0 une pr\u00e9sence sensible dans son voisinage, elle suscitera un dialogue gestuel avec le spectateur. Dans un espace immobile, l\u2019\u00e9cran pr\u00e9sentera un ciel \u00e9toil\u00e9, apaisant. D\u00e8s qu\u2019une stimulation se manifestera dans la chambre, un flux de particules color\u00e9es traversera subtilement l\u2019univers sid\u00e9ral. L\u2019\u0153uvre analysera la qualit\u00e9 du mouvement et se transformera en cons\u00e9quence. Confront\u00e9 \u00e0 un mouvement d\u00e9sordonn\u00e9, chaotique, elle retournera \u00e0 son \u00e9tat initial. Par contre, si le mouvement lui para\u00eet intelligent, susceptible de traduire une attention qu\u2019on lui porte, le flux de particules dessinera des univers complexes.<br \/>\nHugo Verlinde est un artiste sp\u00e9cialis\u00e9 dans le m\u00e9dium num\u00e9rique qui s\u2019attache \u00e0 d\u00e9crire dans chacune de ses pi\u00e8ces \u00ab\u00a0un espace lointain qui serait dot\u00e9 d\u2019une vie et d\u2019un mouvement propre\u00a0\u00bb. Il d\u00e9veloppe des projets s\u2019apparentant au \u00ab\u00a0Living Art\u00a0\u00bb.<\/p>\n<\/div>\n<p>[\/vc_column_text][\/vc_column][\/vc_row][vc_row][vc_column width=\u00a0\u00bb1\/3&Prime;][vc_btn title=\u00a0\u00bbJournal de bord\u00a0\u00bb style=\u00a0\u00bb3d\u00a0\u00bb color=\u00a0\u00bbdanger\u00a0\u00bb size=\u00a0\u00bblg\u00a0\u00bb i_icon_fontawesome=\u00a0\u00bbfa fa-envira\u00a0\u00bb link=\u00a0\u00bburl:http%3A%2F%2Fboreal2011.blogspot.fr%2F||target:%20_blank|\u00a0\u00bb add_icon=\u00a0\u00bbtrue\u00a0\u00bb][\/vc_column][vc_column width=\u00a0\u00bb1\/3&Prime;][vc_btn title=\u00a0\u00bbLe film du projet\u00a0\u00bb style=\u00a0\u00bb3d\u00a0\u00bb size=\u00a0\u00bblg\u00a0\u00bb i_icon_fontawesome=\u00a0\u00bbfa fa-film\u00a0\u00bb link=\u00a0\u00bburl:https%3A%2F%2Fvimeo.com%2F55796051||target:%20_blank|\u00a0\u00bb add_icon=\u00a0\u00bbtrue\u00a0\u00bb][\/vc_column][vc_column width=\u00a0\u00bb1\/3&Prime;][\/vc_column][\/vc_row]<\/p>\n<\/section>","protected":false},"excerpt":{"rendered":"<p>[vc_row][vc_column][vc_custom_heading text=\u00a0\u00bbBor\u00e9al\u00a0\u00bb font_container=\u00a0\u00bbtag:h1|text_align:left\u00a0\u00bb use_theme_fonts=\u00a0\u00bbyes\u00a0\u00bb][vc_separator color=\u00a0\u00bbjuicy_pink\u00a0\u00bb align=\u00a0\u00bbalign_left\u00a0\u00bb border_width=\u00a0\u00bb5&Prime; el_width=\u00a0\u00bb10&Prime;][\/vc_column][\/vc_row][vc_row][vc_column][vc_column_text] Hugo Verlinde 2011 Le centre hospitalier d\u2019Annecy a consult\u00e9 Art dans la Cit\u00e9 en 2010 afin de r\u00e9fl\u00e9chir \u00e0 une \u0153uvre pour les chambres du service de r\u00e9animation, destin\u00e9e aux patients qui<span class=\"excerpt-hellip\"> [\u2026]<\/span><\/p>\n","protected":false},"author":6,"featured_media":28750,"comment_status":"closed","ping_status":"open","sticky":false,"template":"","format":"standard","meta":{"footnotes":""},"categories":[101,35],"tags":[],"class_list":["post-28787","post","type-post","status-publish","format-standard","has-post-thumbnail","hentry","category-oeuvre-in-situ","category-realisations"],"_links":{"self":[{"href":"https:\/\/www.artdanslacite.eu\/fr\/wp-json\/wp\/v2\/posts\/28787","targetHints":{"allow":["GET"]}}],"collection":[{"href":"https:\/\/www.artdanslacite.eu\/fr\/wp-json\/wp\/v2\/posts"}],"about":[{"href":"https:\/\/www.artdanslacite.eu\/fr\/wp-json\/wp\/v2\/types\/post"}],"author":[{"embeddable":true,"href":"https:\/\/www.artdanslacite.eu\/fr\/wp-json\/wp\/v2\/users\/6"}],"replies":[{"embeddable":true,"href":"https:\/\/www.artdanslacite.eu\/fr\/wp-json\/wp\/v2\/comments?post=28787"}],"version-history":[{"count":5,"href":"https:\/\/www.artdanslacite.eu\/fr\/wp-json\/wp\/v2\/posts\/28787\/revisions"}],"predecessor-version":[{"id":28939,"href":"https:\/\/www.artdanslacite.eu\/fr\/wp-json\/wp\/v2\/posts\/28787\/revisions\/28939"}],"wp:featuredmedia":[{"embeddable":true,"href":"https:\/\/www.artdanslacite.eu\/fr\/wp-json\/wp\/v2\/media\/28750"}],"wp:attachment":[{"href":"https:\/\/www.artdanslacite.eu\/fr\/wp-json\/wp\/v2\/media?parent=28787"}],"wp:term":[{"taxonomy":"category","embeddable":true,"href":"https:\/\/www.artdanslacite.eu\/fr\/wp-json\/wp\/v2\/categories?post=28787"},{"taxonomy":"post_tag","embeddable":true,"href":"https:\/\/www.artdanslacite.eu\/fr\/wp-json\/wp\/v2\/tags?post=28787"}],"curies":[{"name":"wp","href":"https:\/\/api.w.org\/{rel}","templated":true}]}}