{"id":28734,"date":"2014-10-24T12:47:36","date_gmt":"2014-10-24T10:47:36","guid":{"rendered":"https:\/\/www.artdanslacite.eu\/?p=28734"},"modified":"2023-09-07T17:02:14","modified_gmt":"2023-09-07T15:02:14","slug":"la-demesure-du-possible","status":"publish","type":"post","link":"https:\/\/www.artdanslacite.eu\/fr\/la-demesure-du-possible\/","title":{"rendered":"La d\u00e9mesure du possible"},"content":{"rendered":"<section class=\"wpb-content-wrapper\"><p>[vc_row][vc_column][vc_custom_heading text=\u00a0\u00bbLa d\u00e9mesure du possible\u00a0\u00bb font_container=\u00a0\u00bbtag:h1|text_align:left\u00a0\u00bb use_theme_fonts=\u00a0\u00bbyes\u00a0\u00bb][vc_separator color=\u00a0\u00bbjuicy_pink\u00a0\u00bb align=\u00a0\u00bbalign_left\u00a0\u00bb border_width=\u00a0\u00bb5&Prime; el_width=\u00a0\u00bb10&Prime;][vc_column_text]<\/p>\n<h2>Installation visuelle interactive, cr\u00e9\u00e9e pour l\u2019Institut Claude Pompidou de Nice et le Centre Rainier III H\u00f4pital Princesse Gr\u00e2ce de Monaco<\/h2>\n<h3>Cr\u00e9ation Fred PERIE<\/h3>\n<h3>2014<\/h3>\n<p>[\/vc_column_text][vc_separator][vc_row_inner][vc_column_inner][vc_custom_heading text=\u00a0\u00bbLe projet\u00a0\u00bb use_theme_fonts=\u00a0\u00bbyes\u00a0\u00bb][vc_separator color=\u00a0\u00bbjuicy_pink\u00a0\u00bb align=\u00a0\u00bbalign_left\u00a0\u00bb border_width=\u00a0\u00bb2&Prime; el_width=\u00a0\u00bb10&Prime;][vc_column_text]LA DEMESURE DU POSSIBLE\u00a0 est une oeuvre sensible et r\u00e9active aux mouvements des spectateurs.<\/p>\n<p>En 2013, Art dans la Cit\u00e9 souhaitait d\u00e9velopper une cr\u00e9ation num\u00e9rique, interactive et innovante sp\u00e9cifiquement pour l\u2019accueil et le s\u00e9jour des personnes \u00e2g\u00e9es en \u00e9tablissement de soins. Le cahier des charges \u00e9tait pr\u00e9cis : \u00ab D\u00e9velopper une cr\u00e9ation num\u00e9rique interactive, ergonomique et multi sensorielle pour la personne \u00e2g\u00e9e et le patient en soins de suite. Son objectif : maintenir le patient en activit\u00e9s en stimulant ses sens, en ouvrant une fen\u00eatre sur le monde ext\u00e9rieur, en lui apportant des activit\u00e9s r\u00e9cr\u00e9atives, qui stimulent la m\u00e9moire, les fonctions cognitives, qui rompent l\u2019isolement en cr\u00e9ant du lien social.<\/p>\n<p>Le dispositif retenu, de l\u2019artiste ing\u00e9nieur Fred P\u00e9ri\u00e9, repose sur la captation du mouvement des patients. Une cam\u00e9ra enregistre les d\u00e9placements et les gestes en temps r\u00e9el, un filtre informatique s\u00e9lectionne les \u00e9l\u00e9ments de corps en mouvements et les transforme en un objet pictural projet\u00e9 \u00e0 grande \u00e9chelle. Le mouvement des patients pr\u00e9sents dans l\u2019espace d\u2019interaction va transformer le tableau selon deux temporalit\u00e9s : l&rsquo;instant pr\u00e9sent, le temps de l&rsquo;interaction au cours duquel le mouvement, m\u00eame le plus infime, s&rsquo;inscrit dans le tableau avec l&rsquo;apparition d&rsquo;une forme mouvante imm\u00e9diatement perceptible. Le long terme, une trace de l&rsquo;interaction va subsister durablement et se transformer progressivement. Les interactions successives vont enrichir le tableau de formes nouvelles. Il s&rsquo;agit d&rsquo;une oeuvre vivante ou l&rsquo;instant pr\u00e9sent engendre et modifie la m\u00e9moire. La participation imm\u00e9diate et ludique des personnes \u00e2g\u00e9es inscrira sur le tableau une trace labile, une m\u00e9moire fugace, celle-ci va ensuite se consolider puis op\u00e9rer une lente maturation. Chaque nouvelle m\u00e9moire viendra enrichir la palette de souvenir. Les personnes \u00e2g\u00e9es seront \u00e0 la fois cr\u00e9ateurs de l\u2019oeuvre et spectateurs, ils seront \u00e0 l&rsquo;ext\u00e9rieur et \u00e0 l&rsquo;int\u00e9rieur du tableau, peintres et mod\u00e8les, corps et esprits. La d\u00e9mesure du possible est compos\u00e9e d\u2019un vid\u00e9oprojecteur, d\u2019une cam\u00e9ra, d\u2019un ordinateur et d\u2019un logiciel ainsi que d\u2019un \u00e9cran d\u00e9port\u00e9.<\/p>\n<p>Une dimension essentielle du projet r\u00e9side dans le changement d\u2019\u00e9chelle entre le corps du patient et l\u2019image en train de se faire. Pour quelqu\u2019un dont la mobilit\u00e9 est diminu\u00e9e, il est important de voir que m\u00eame un mouvement infime peut se traduire en grand. Par ailleurs, alors que son corps peut lui apparaitre comme d\u00e9valoris\u00e9, le patient est invit\u00e9 \u00e0 contribuer avec celui-ci \u00e0 une belle forme. Au-del\u00e0 de ses dimensions symboliques, le projet est aussi un travail collectif, chacun y contribuant selon ses moyens physiques du moment, mais avec le d\u00e9sir d\u2019une harmonie figur\u00e9e \u00e0 l\u2019image. Ainsi de la d\u00e9mesure et de la picturalit\u00e9.<\/p>\n<p>Le dispositif est constitu\u00e9 de vingt tableaux interactifs assez diff\u00e9rents qui se renouvellent. qui se succ\u00e8dent selon des intervalles al\u00e9atoires g\u00e9n\u00e9ralement inf\u00e9rieurs \u00e0 la minute. L&rsquo;ordre des tableaux est r\u00e9initialis\u00e9 al\u00e9atoirement lorsque la s\u00e9rie a \u00e9t\u00e9 enti\u00e8rement parcourue. Dans l&rsquo;espace d&rsquo;accueil : Un \u00e9cran situ\u00e9 dans un espace accessible au public, diffuse en directe l&rsquo;oeuvre et t\u00e9moigne ainsi des interactions et des transformations qu&rsquo;elles induisent. Cet \u00e9cran permet une contemplation de l&rsquo;oeuvre vivante.[\/vc_column_text][\/vc_column_inner][\/vc_row_inner][\/vc_column][\/vc_row][vc_row][vc_column][vc_custom_heading text=\u00a0\u00bbL&rsquo;H\u00f4pital\u00a0\u00bb use_theme_fonts=\u00a0\u00bbyes\u00a0\u00bb][vc_separator color=\u00a0\u00bbjuicy_pink\u00a0\u00bb align=\u00a0\u00bbalign_left\u00a0\u00bb border_width=\u00a0\u00bb2&Prime; el_width=\u00a0\u00bb10&Prime;][vc_column_text]Institut Claude Pompidou de Nice\u202f: <a href=\"https:\/\/www.chu-nice.fr\/chu-de-nice\/nous-connaitre\/hopitaux\/icp\">https:\/\/www.chu-nice.fr\/chu-de-nice\/nous-connaitre\/hopitaux\/icp<\/a><span data-ccp-props=\"{&quot;134233117&quot;:true,&quot;134233118&quot;:true,&quot;201341983&quot;:0,&quot;335559740&quot;:240}\">\u00a0<\/span><\/p>\n<p>Centre Rainier III \u2013 h\u00f4pital Princesse Gr\u00e2ce Monaco\u202f: <a href=\"https:\/\/www.chpg.mc\/portfolio\/centre-rainier-iii-gerontologie-clinique\/\">https:\/\/www.chpg.mc\/portfolio\/centre-rainier-iii-gerontologie-clinique\/<\/a><span data-ccp-props=\"{&quot;134233117&quot;:true,&quot;134233118&quot;:true,&quot;201341983&quot;:0,&quot;335559740&quot;:240}\">\u00a0<\/span>[\/vc_column_text][\/vc_column][\/vc_row][vc_row][vc_column][vc_custom_heading text=\u00a0\u00bbLa galerie photos\u00a0\u00bb use_theme_fonts=\u00a0\u00bbyes\u00a0\u00bb][vc_separator color=\u00a0\u00bbjuicy_pink\u00a0\u00bb align=\u00a0\u00bbalign_left\u00a0\u00bb border_width=\u00a0\u00bb2&Prime; el_width=\u00a0\u00bb10&Prime;][vc_gallery type=\u00a0\u00bbimage_grid\u00a0\u00bb images=\u00a0\u00bb28733,28732,28731,28730,28729,28728&Prime; img_size=\u00a0\u00bb\u00a0\u00bb][\/vc_column][\/vc_row][vc_row][vc_column width=\u00a0\u00bb1\/3&Prime;][vc_btn title=\u00a0\u00bbJournal de bord\u00a0\u00bb style=\u00a0\u00bb3d\u00a0\u00bb color=\u00a0\u00bbdanger\u00a0\u00bb size=\u00a0\u00bblg\u00a0\u00bb i_icon_fontawesome=\u00a0\u00bbfa fa-envira\u00a0\u00bb add_icon=\u00a0\u00bbtrue\u00a0\u00bb link=\u00a0\u00bburl:http%3A%2F%2Flademesuredupossible.blogspot.fr%2F||target:%20_blank|\u00a0\u00bb][\/vc_column][vc_column width=\u00a0\u00bb1\/3&Prime;][vc_btn title=\u00a0\u00bbLe film du projet\u00a0\u00bb style=\u00a0\u00bb3d\u00a0\u00bb size=\u00a0\u00bblg\u00a0\u00bb i_icon_fontawesome=\u00a0\u00bbfa fa-film\u00a0\u00bb add_icon=\u00a0\u00bbtrue\u00a0\u00bb link=\u00a0\u00bburl:https%3A%2F%2Fvimeo.com%2F117469364||target:%20_blank|\u00a0\u00bb][\/vc_column][vc_column width=\u00a0\u00bb1\/3&Prime;][\/vc_column][\/vc_row]<\/p>\n<\/section>","protected":false},"excerpt":{"rendered":"<p>Installation visuelle interactive, cr\u00e9\u00e9e pour l\u2019Institut Claude Pompidou de Nice et le Centre Rainier III H\u00f4pital Princesse Gr\u00e2ce de Monaco<\/p>\n","protected":false},"author":6,"featured_media":28735,"comment_status":"closed","ping_status":"open","sticky":false,"template":"","format":"standard","meta":{"footnotes":""},"categories":[101,35],"tags":[],"class_list":["post-28734","post","type-post","status-publish","format-standard","has-post-thumbnail","hentry","category-oeuvre-in-situ","category-realisations"],"_links":{"self":[{"href":"https:\/\/www.artdanslacite.eu\/fr\/wp-json\/wp\/v2\/posts\/28734","targetHints":{"allow":["GET"]}}],"collection":[{"href":"https:\/\/www.artdanslacite.eu\/fr\/wp-json\/wp\/v2\/posts"}],"about":[{"href":"https:\/\/www.artdanslacite.eu\/fr\/wp-json\/wp\/v2\/types\/post"}],"author":[{"embeddable":true,"href":"https:\/\/www.artdanslacite.eu\/fr\/wp-json\/wp\/v2\/users\/6"}],"replies":[{"embeddable":true,"href":"https:\/\/www.artdanslacite.eu\/fr\/wp-json\/wp\/v2\/comments?post=28734"}],"version-history":[{"count":4,"href":"https:\/\/www.artdanslacite.eu\/fr\/wp-json\/wp\/v2\/posts\/28734\/revisions"}],"predecessor-version":[{"id":31125,"href":"https:\/\/www.artdanslacite.eu\/fr\/wp-json\/wp\/v2\/posts\/28734\/revisions\/31125"}],"wp:featuredmedia":[{"embeddable":true,"href":"https:\/\/www.artdanslacite.eu\/fr\/wp-json\/wp\/v2\/media\/28735"}],"wp:attachment":[{"href":"https:\/\/www.artdanslacite.eu\/fr\/wp-json\/wp\/v2\/media?parent=28734"}],"wp:term":[{"taxonomy":"category","embeddable":true,"href":"https:\/\/www.artdanslacite.eu\/fr\/wp-json\/wp\/v2\/categories?post=28734"},{"taxonomy":"post_tag","embeddable":true,"href":"https:\/\/www.artdanslacite.eu\/fr\/wp-json\/wp\/v2\/tags?post=28734"}],"curies":[{"name":"wp","href":"https:\/\/api.w.org\/{rel}","templated":true}]}}