{"id":28632,"date":"2018-05-05T09:29:11","date_gmt":"2018-05-05T07:29:11","guid":{"rendered":"https:\/\/www.artdanslacite.eu\/?p=28632"},"modified":"2021-12-13T20:59:00","modified_gmt":"2021-12-13T19:59:00","slug":"2018-sera-une-annee-exceptionnelle-pour-art-dans-la-cite-marquee-par-les-18-ans","status":"publish","type":"post","link":"https:\/\/www.artdanslacite.eu\/fr\/2018-sera-une-annee-exceptionnelle-pour-art-dans-la-cite-marquee-par-les-18-ans\/","title":{"rendered":"2018 sera une ann\u00e9e exceptionnelle pour Art dans la Cit\u00e9, marqu\u00e9e par les 18 ans"},"content":{"rendered":"<section class=\"wpb-content-wrapper\"><p>[vc_row][vc_column][vc_custom_heading text=\u00a0\u00bb2018 sera une ann\u00e9e exceptionnelle pour Art dans la Cit\u00e9, marqu\u00e9e par les 18 ans\u00a0\u00bb font_container=\u00a0\u00bbtag:h1|text_align:left\u00a0\u00bb use_theme_fonts=\u00a0\u00bbyes\u00a0\u00bb][vc_separator color=\u00a0\u00bbjuicy_pink\u00a0\u00bb align=\u00a0\u00bbalign_left\u00a0\u00bb border_width=\u00a0\u00bb5&Prime; el_width=\u00a0\u00bb10&Prime;][vc_row_inner][vc_column_inner][vc_column_text]<\/p>\n<h5><b>Plusieurs \u00e9v\u00e9nements\u00a0importants vont marquer cette ann\u00e9e charni\u00e8re. Les premiers se tiendront dans le cadre de la Paris Healthcare Week porte de Versailles, les 29 et 30 mai prochains, o\u00f9 nous vous donnons rdv pour une conf\u00e9rence de presse le 29 et une Conversation sur l\u2019art \u00e0 l\u2019h\u00f4pital le 30.<\/b><\/h5>\n<p>En mars 2018 Art dans la Cit\u00e9 a \u00e9lu son nouveau Conseil d\u2019Administration. Le Docteur Rachel Bocher, Chef de service Psychiatre au CHU de Nantes, est la nouvelle Pr\u00e9sidente D\u2019Art dans la Cit\u00e9. Le Pr Rapha\u00ebl Vialle, Chef de service \u00e0 l\u2019h\u00f4pital Armand Trousseau de Paris est le nouveau Secr\u00e9taire g\u00e9n\u00e9ral. A leurs c\u00f4t\u00e9s, de nouveaux membres, personnalit\u00e9s du monde de l\u2019art et de la m\u00e9decine vont nous accompagner afin de poursuivre notre d\u00e9marche, en l\u2019intensifiant. Ainsi, jusqu&rsquo;en 2020, nous avons plusieurs priorit\u00e9s : faire conna\u00eetre Art dans la Cit\u00e9 et les actions engag\u00e9es depuis 18 ans, questionner la place de l&rsquo;art dans le milieu hospitalier, en organisant des \u00ab\u00a0conversations\u00a0\u00bb sur le sujet, d\u00e9velopper nos actions de m\u00e9c\u00e9nat et de partenariats, organiser un d\u00eener de gala, cr\u00e9er une \u0153uvre significative et symbolique de cet anniversaire\u2026<\/p>\n<p>Nos premiers rendez-vous se tiendront dans le cadre de la Paris Healthcare Week, Porte de Versailles, avec le mardi 29 mai, \u00e0 12H, une Conf\u00e9rence de presse o\u00f9, en compagnie de Rachel BOCHER et de Rapha\u00ebl Vialle, j\u2019aurais le plaisir de pr\u00e9senter ce nouveau programme anniversaire.<\/p>\n<p>Le Mercredi 30 Mai, \u00e0 18H, sur le stand de la F\u00e9d\u00e9ration Hospitali\u00e8re de France, je serais en compagnie du Professeur Didier Sicard, membre d\u2019Honneur d\u2019Art dans la Cit\u00e9, pour parler, des enjeux et innovations de l\u2019art \u00e0 l\u2019h\u00f4pital<\/p>\n<p>&nbsp;<\/p>\n<p>A bient\u00f4t<\/p>\n<p class=\"commentaire\">Rachel EVEN<\/p>\n<h3 class=\"titre\" align=\"center\"><\/h3>\n<p>[\/vc_column_text][\/vc_column_inner][\/vc_row_inner][\/vc_column][\/vc_row]<\/p>\n<\/section>","protected":false},"excerpt":{"rendered":"<p>Plusieurs \u00e9v\u00e9nements importants vont marquer cette ann\u00e9e charni\u00e8re. Les premiers se tiendront dans le cadre de la Paris Healthcare Week porte de Versailles, les 29 et 30 mai prochains, o\u00f9 nous vous donnons rendez-vous pour une conf\u00e9rence de presse le 29 et une Conversation sur l\u2019art \u00e0 l\u2019h\u00f4pital le 30.<\/p>\n","protected":false},"author":1,"featured_media":29829,"comment_status":"open","ping_status":"open","sticky":false,"template":"","format":"standard","meta":{"footnotes":""},"categories":[47],"tags":[],"class_list":["post-28632","post","type-post","status-publish","format-standard","has-post-thumbnail","hentry","category-actualites"],"_links":{"self":[{"href":"https:\/\/www.artdanslacite.eu\/fr\/wp-json\/wp\/v2\/posts\/28632","targetHints":{"allow":["GET"]}}],"collection":[{"href":"https:\/\/www.artdanslacite.eu\/fr\/wp-json\/wp\/v2\/posts"}],"about":[{"href":"https:\/\/www.artdanslacite.eu\/fr\/wp-json\/wp\/v2\/types\/post"}],"author":[{"embeddable":true,"href":"https:\/\/www.artdanslacite.eu\/fr\/wp-json\/wp\/v2\/users\/1"}],"replies":[{"embeddable":true,"href":"https:\/\/www.artdanslacite.eu\/fr\/wp-json\/wp\/v2\/comments?post=28632"}],"version-history":[{"count":3,"href":"https:\/\/www.artdanslacite.eu\/fr\/wp-json\/wp\/v2\/posts\/28632\/revisions"}],"predecessor-version":[{"id":29821,"href":"https:\/\/www.artdanslacite.eu\/fr\/wp-json\/wp\/v2\/posts\/28632\/revisions\/29821"}],"wp:featuredmedia":[{"embeddable":true,"href":"https:\/\/www.artdanslacite.eu\/fr\/wp-json\/wp\/v2\/media\/29829"}],"wp:attachment":[{"href":"https:\/\/www.artdanslacite.eu\/fr\/wp-json\/wp\/v2\/media?parent=28632"}],"wp:term":[{"taxonomy":"category","embeddable":true,"href":"https:\/\/www.artdanslacite.eu\/fr\/wp-json\/wp\/v2\/categories?post=28632"},{"taxonomy":"post_tag","embeddable":true,"href":"https:\/\/www.artdanslacite.eu\/fr\/wp-json\/wp\/v2\/tags?post=28632"}],"curies":[{"name":"wp","href":"https:\/\/api.w.org\/{rel}","templated":true}]}}