{"id":33887,"date":"2023-10-15T17:06:04","date_gmt":"2023-10-15T15:06:04","guid":{"rendered":"https:\/\/www.artdanslacite.eu\/water-and-dreams-mathias-bensimon\/"},"modified":"2023-10-15T17:06:08","modified_gmt":"2023-10-15T15:06:08","slug":"water-and-dreams-mathias-bensimon","status":"publish","type":"post","link":"https:\/\/www.artdanslacite.eu\/en\/water-and-dreams-mathias-bensimon\/","title":{"rendered":"Water and Dreams &#8211; Mathias Bensimon"},"content":{"rendered":"<section class=\"wpb-content-wrapper\"><p>p[vc_row][vc_column][vc_custom_heading source=&#8221;post_title&#8221; font_container=&#8221;tag:h1|text_align:left&#8221; use_theme_fonts=&#8221;yes&#8221;][vc_custom_heading text=&#8221;An immersive and original sensory dive into mineral paint with natural pigments&#8221; use_theme_fonts=&#8221;yes&#8221;][vc_custom_heading text=&#8221;The project&#8221; use_theme_fonts=&#8221;yes&#8221;][vc_column_text]Created by Mathias Bensimon<\/p>\n<p>Production Th\u00e9o Bellanger\/Art dans la Cit\u00e9<\/p>\n<p>2023<\/p>\n<p>L&#8217;EAU ET LES REVES is a contemplative digital work based on a mineral painting with natural pigments by artist Mathias Bensimon. Begun physically in the artist&#8217;s studio, then completed with the children during workshops, the work has been digitally adapted for the Illuminart device. This is the first time the artist has ventured into the digital realm.[\/vc_column_text][vc_custom_heading text=&#8221;the project&#8221; use_theme_fonts=&#8221;yes&#8221;][vc_column_text]The work was set in motion and created in collaboration with cellist Yu Lin Humm, to create an original, multi-sensory immersive experience. During his workshops, the artist introduced the children to his various painting techniques: watercolor, gouache, light and color. He also teamed up with musician Sylvain Rabourdin, to enable the children to paint to music, with meditation breaks provided by philosophy teacher Juliette Bensimon and meditation teacher Mathieu Br\u00e9g\u00e9g\u00e8re.<\/p>\n<p>The work created was inspired by all these encounters. Mathias then finalized the painting with natural pigments, watercolor and mother-of-pearl, and set it in motion to create a contemplative, musical work of art.[\/vc_column_text][vc_gallery type=&#8221;image_grid&#8221; images=&#8221;33599&#8243;][\/vc_column][\/vc_row]p<\/p>\n<\/section>","protected":false},"excerpt":{"rendered":"<p>p[vc_row][vc_column][vc_custom_heading source=&#8221;post_title&#8221; font_container=&#8221;tag:h1|text_align:left&#8221; use_theme_fonts=&#8221;yes&#8221;][vc_custom_heading text=&#8221;An immersive and original sensory dive into mineral paint with natural pigments&#8221; use_theme_fonts=&#8221;yes&#8221;][vc_custom_heading text=&#8221;The project&#8221; use_theme_fonts=&#8221;yes&#8221;][vc_column_text]Created by Mathias Bensimon Production Th\u00e9o Bellanger\/Art dans la Cit\u00e9 2023 L&#8217;EAU ET LES REVES is a contemplative digital work based<span class=\"excerpt-hellip\"> [\u2026]<\/span><\/p>\n","protected":false},"author":1,"featured_media":33595,"comment_status":"open","ping_status":"open","sticky":false,"template":"","format":"standard","meta":{"footnotes":""},"categories":[100,35],"tags":[],"class_list":["post-33887","post","type-post","status-publish","format-standard","has-post-thumbnail","hentry","category-illuminart","category-realisations"],"_links":{"self":[{"href":"https:\/\/www.artdanslacite.eu\/en\/wp-json\/wp\/v2\/posts\/33887","targetHints":{"allow":["GET"]}}],"collection":[{"href":"https:\/\/www.artdanslacite.eu\/en\/wp-json\/wp\/v2\/posts"}],"about":[{"href":"https:\/\/www.artdanslacite.eu\/en\/wp-json\/wp\/v2\/types\/post"}],"author":[{"embeddable":true,"href":"https:\/\/www.artdanslacite.eu\/en\/wp-json\/wp\/v2\/users\/1"}],"replies":[{"embeddable":true,"href":"https:\/\/www.artdanslacite.eu\/en\/wp-json\/wp\/v2\/comments?post=33887"}],"version-history":[{"count":3,"href":"https:\/\/www.artdanslacite.eu\/en\/wp-json\/wp\/v2\/posts\/33887\/revisions"}],"predecessor-version":[{"id":33890,"href":"https:\/\/www.artdanslacite.eu\/en\/wp-json\/wp\/v2\/posts\/33887\/revisions\/33890"}],"wp:featuredmedia":[{"embeddable":true,"href":"https:\/\/www.artdanslacite.eu\/en\/wp-json\/wp\/v2\/media\/33595"}],"wp:attachment":[{"href":"https:\/\/www.artdanslacite.eu\/en\/wp-json\/wp\/v2\/media?parent=33887"}],"wp:term":[{"taxonomy":"category","embeddable":true,"href":"https:\/\/www.artdanslacite.eu\/en\/wp-json\/wp\/v2\/categories?post=33887"},{"taxonomy":"post_tag","embeddable":true,"href":"https:\/\/www.artdanslacite.eu\/en\/wp-json\/wp\/v2\/tags?post=33887"}],"curies":[{"name":"wp","href":"https:\/\/api.w.org\/{rel}","templated":true}]}}