{"id":30188,"date":"2008-02-10T16:08:32","date_gmt":"2008-02-10T15:08:32","guid":{"rendered":"https:\/\/www.artdanslacite.eu\/ombres-de-lumiere\/"},"modified":"2023-09-27T11:35:19","modified_gmt":"2023-09-27T09:35:19","slug":"ombres-de-lumiere","status":"publish","type":"post","link":"https:\/\/www.artdanslacite.eu\/en\/ombres-de-lumiere\/","title":{"rendered":"Ombres de lumi\u00e8re"},"content":{"rendered":"<section class=\"wpb-content-wrapper\"><p>[vc_row][vc_column][vc_custom_heading text=&#8221;Ombres de lumi\u00e8re&#8221; font_container=&#8221;tag:h1|text_align:left&#8221; use_theme_fonts=&#8221;yes&#8221;][vc_separator color=&#8221;juicy_pink&#8221; align=&#8221;align_left&#8221; border_width=&#8221;5&#8243; el_width=&#8221;10&#8243;][vc_column_text]<\/p>\n<div id=\"titre_page\">\n<h4 class=\"texte\"><\/h4>\n<\/div>\n<div id=\"colonne_droite\">\n<h2 class=\"titre\">Cr\u00e9ation de Alice Baillaud<\/h2>\n<h3 class=\"accroche\">Centre Th\u00e9rapeutique P\u00e9diatrique de Margency, France<\/h3>\n<h3 class=\"texte\">2008<\/h3>\n<h4 class=\"texte\">Kiosque du parc<br \/>\nInstallation grillage maille fine, installation lumineuse, plexiglas, technique mixte<\/h4>\n<\/div>\n<p>[\/vc_column_text][vc_separator][vc_row_inner][vc_column_inner][vc_custom_heading text=&#8221;Le projet&#8221; use_theme_fonts=&#8221;yes&#8221;][vc_separator color=&#8221;juicy_pink&#8221; align=&#8221;align_left&#8221; border_width=&#8221;2&#8243; el_width=&#8221;10&#8243;][vc_column_text]<\/p>\n<p class=\"texte\">Le projet artistique proposait une intervention dans le parc de l&#8217;\u00e9tablissement, plus particuli\u00e8rement au niveau et autour du kiosque \u00e0 musique, lieu de rencontre et de rendez-vous. L\u2019intervention artistique devait mettre en valeur cet endroit jusqu\u2019alors peu fr\u00e9quent\u00e9.<br \/>\nPour le kiosque de l\u2019h\u00f4pital de Margency, Alice Baillaud a propos\u00e9 l\u2019installation d\u2019une dizaine de silhouettes en grillage (\u00e0 maille fine) autour d\u2019une colonne de ciel lumineuse plac\u00e9e au centre. Ces silhouettes, ou ombres r\u00e9alis\u00e9es en grillage, \u00e9voquant le mouvement de la marche ont \u00e9t\u00e9 cr\u00e9\u00e9es \u00e0 partir des ombres des enfants participant au projet.<br \/>\nNeuf silhouettes sont install\u00e9es \u00e0 l\u2019int\u00e9rieur du kiosque invitant le promeneur \u00e0 s\u2019approcher.<br \/>\nSix pans de miroir dont quatre verticaux et deux horizontaux situ\u00e9s \u00e7a et l\u00e0 dans le kiosque multiplient les silhouettes. Vue de face et en contre-jour, une silhouette appara\u00eet \u00e9clair\u00e9e dans un miroir. Le miroir utilis\u00e9 est tr\u00e8s l\u00e9g\u00e8rement flou et cr\u00e9e une impression d\u2019eau.<br \/>\nPo\u00e9sie, mouvement, rencontres, ombres et lumi\u00e8res, reflets, ciel sont les mots-cl\u00e9s de ce projet.<br \/>\n\u00c0 ce jeu de miroir s\u2019ajoute ceux de la transparence et de la superposition des trames grillag\u00e9es qui se croisent en cr\u00e9ant de nouveaux motifs. Dans cette installation interactive : se m\u00ealent aux reflets des silhouettes transparentes celles des visiteurs.<br \/>\nLe kiosque se visite aussi bien de jour que de nuit :<\/p>\n<ul>\n<li>de jour, les miroirs font rentrer le paysage dans le kiosque : feuillage des arbres, gazon, promeneurs etc., la lumi\u00e8re vient de l\u2019ext\u00e9rieur,<\/li>\n<li>de nuit, le paysage est plus intime, il se concentre sur les silhouettes proprement dites et en r\u00e9v\u00e8le les multiples facettes. La colonne de ciel devient colonne de lumi\u00e8re. La couleur est variable et \u00e9volue du bleu, jaune, vert, rose, jaune, etc.<\/li>\n<\/ul>\n<p class=\"texte\">L&#8217;h\u00f4pital de Margency a accueilli en r\u00e9sidence Alice Baillaud durant trois mois. Ceci lui a permis chaque jour de la semaine de rencontrer et de convier les enfants \u00e0 sa cr\u00e9ation \u00e0 travers la mise en place d&#8217;un projet synonyme de lib\u00e9ration, de partage et d\u2019\u00e9motion.<br \/>\nLe travail sur l&#8217;ombre met en avant un contour mesurable d\u00e9fini \u00e0 la diff\u00e9rence de l&#8217;int\u00e9rieur imperceptible, profond et impalpable.<br \/>\nTous les enfants ont particip\u00e9 \u00e0 cet atelier, il leur a permis une \u00e9volution, une traduction de leurs sentiments \u00e0 travers un jeu de superpositions de formes et d&#8217;objets sur les silhouettes, capable de leur faire oublier leur quotidien et leur donnant l&#8217;opportunit\u00e9 de laisser leur c\u00f4t\u00e9 artistique et sentimental se d\u00e9voiler au grand jour.<\/p>\n<p>[\/vc_column_text][\/vc_column_inner][\/vc_row_inner][\/vc_column][\/vc_row][vc_row][vc_column][vc_custom_heading text=&#8221;Portrait de l&#8217;artiste&#8221; use_theme_fonts=&#8221;yes&#8221;][vc_separator color=&#8221;juicy_pink&#8221; align=&#8221;align_left&#8221; border_width=&#8221;2&#8243; el_width=&#8221;10&#8243;][vc_column_text]<\/p>\n<div id=\"titre_page\"><\/div>\n<div id=\"colonne_droite\">\n<p class=\"texte\">N\u00e9e en 1972, Alice Baillaud est une architecte paysagiste dipl\u00f4m\u00e9e de l\u2019\u00c9cole nationale sup\u00e9rieure de paysage de Versailles. Elle vit et travaille actuellement en Normandie.<br \/>\nAyant \u00e9galement suivie une formation scientifique et th\u00e9\u00e2trale, Alice Baillaud croit profond\u00e9ment que l\u2019art est un moyen de double expression. D\u2019une part, il permet de r\u00e9v\u00e9ler, de valoriser et d\u2019affiner sa personnalit\u00e9 et, d\u2019autre part, c\u2019est une excellente base de communication avec l\u2019autre.<br \/>\nL\u2019utilisation de la lumi\u00e8re, des ombres, des reflets sont r\u00e9currents dans son travail. Bo\u00eetes lumineuses, th\u00e9\u00e2tre d\u2019ombres, proposent dans les espaces qu\u2019elle investit des visions de jour comme de nuit.<\/p>\n<p class=\"texte\">\n<\/div>\n<p>[\/vc_column_text][\/vc_column][\/vc_row][vc_row][vc_column][vc_custom_heading text=&#8221;L&#8217;H\u00f4pital&#8221; use_theme_fonts=&#8221;yes&#8221;][vc_separator color=&#8221;juicy_pink&#8221; align=&#8221;align_left&#8221; border_width=&#8221;2&#8243; el_width=&#8221;10&#8243;][vc_column_text]<\/p>\n<div id=\"titre_page\">\u00a0<a title=\"H\u00f4pital de Margency\" href=\"http:\/\/www.artdanslacite.eu\/site\/Hopital-de-Margency-fr-38-1.html\">L\u2019h\u00f4pital de Margency<\/a>\u00a0accueille des enfants et des adolescents en moyens et longs s\u00e9jours. C\u2019est un \u00e9tablissement de sant\u00e9 de soins de suite et de r\u00e9adaptation g\u00e9r\u00e9 par la Croix-Rouge Fran\u00e7aise.<\/div>\n<p>[\/vc_column_text][\/vc_column][\/vc_row][vc_row][vc_column][vc_custom_heading text=&#8221;La galerie &#8221; use_theme_fonts=&#8221;yes&#8221;][vc_separator color=&#8221;juicy_pink&#8221; align=&#8221;align_left&#8221; border_width=&#8221;2&#8243; el_width=&#8221;10&#8243;][vc_gallery type=&#8221;image_grid&#8221; images=&#8221;29634,29633,29632&#8243; img_size=&#8221;&#8221;][\/vc_column][\/vc_row]<\/p>\n<\/section>","protected":false},"excerpt":{"rendered":"<p>[vc_row][vc_column][vc_custom_heading text=&#8221;Ombres de lumi\u00e8re&#8221; font_container=&#8221;tag:h1|text_align:left&#8221; use_theme_fonts=&#8221;yes&#8221;][vc_separator color=&#8221;juicy_pink&#8221; align=&#8221;align_left&#8221; border_width=&#8221;5&#8243; el_width=&#8221;10&#8243;][vc_column_text] Cr\u00e9ation de Alice Baillaud Centre Th\u00e9rapeutique P\u00e9diatrique de Margency, France 2008 Kiosque du parc Installation grillage maille fine, installation lumineuse, plexiglas, technique mixte [\/vc_column_text][vc_separator][vc_row_inner][vc_column_inner][vc_custom_heading text=&#8221;Le projet&#8221; use_theme_fonts=&#8221;yes&#8221;][vc_separator color=&#8221;juicy_pink&#8221; align=&#8221;align_left&#8221; border_width=&#8221;2&#8243;<span class=\"excerpt-hellip\"> [\u2026]<\/span><\/p>\n","protected":false},"author":1,"featured_media":29613,"comment_status":"closed","ping_status":"open","sticky":false,"template":"","format":"standard","meta":{"footnotes":""},"categories":[102,84],"tags":[],"class_list":["post-30188","post","type-post","status-publish","format-standard","has-post-thumbnail","hentry","category-oeuvre-in-situ-en","category-realisations-en"],"_links":{"self":[{"href":"https:\/\/www.artdanslacite.eu\/en\/wp-json\/wp\/v2\/posts\/30188","targetHints":{"allow":["GET"]}}],"collection":[{"href":"https:\/\/www.artdanslacite.eu\/en\/wp-json\/wp\/v2\/posts"}],"about":[{"href":"https:\/\/www.artdanslacite.eu\/en\/wp-json\/wp\/v2\/types\/post"}],"author":[{"embeddable":true,"href":"https:\/\/www.artdanslacite.eu\/en\/wp-json\/wp\/v2\/users\/1"}],"replies":[{"embeddable":true,"href":"https:\/\/www.artdanslacite.eu\/en\/wp-json\/wp\/v2\/comments?post=30188"}],"version-history":[{"count":2,"href":"https:\/\/www.artdanslacite.eu\/en\/wp-json\/wp\/v2\/posts\/30188\/revisions"}],"predecessor-version":[{"id":33409,"href":"https:\/\/www.artdanslacite.eu\/en\/wp-json\/wp\/v2\/posts\/30188\/revisions\/33409"}],"wp:featuredmedia":[{"embeddable":true,"href":"https:\/\/www.artdanslacite.eu\/en\/wp-json\/wp\/v2\/media\/29613"}],"wp:attachment":[{"href":"https:\/\/www.artdanslacite.eu\/en\/wp-json\/wp\/v2\/media?parent=30188"}],"wp:term":[{"taxonomy":"category","embeddable":true,"href":"https:\/\/www.artdanslacite.eu\/en\/wp-json\/wp\/v2\/categories?post=30188"},{"taxonomy":"post_tag","embeddable":true,"href":"https:\/\/www.artdanslacite.eu\/en\/wp-json\/wp\/v2\/tags?post=30188"}],"curies":[{"name":"wp","href":"https:\/\/api.w.org\/{rel}","templated":true}]}}