{"id":30180,"date":"2009-06-05T15:41:32","date_gmt":"2009-06-05T13:41:32","guid":{"rendered":"https:\/\/www.artdanslacite.eu\/name-it-as-you-feel-it\/"},"modified":"2023-09-27T11:34:43","modified_gmt":"2023-09-27T09:34:43","slug":"name-it-as-you-feel-it","status":"publish","type":"post","link":"https:\/\/www.artdanslacite.eu\/en\/name-it-as-you-feel-it\/","title":{"rendered":"Name it as you feel it"},"content":{"rendered":"<section class=\"wpb-content-wrapper\"><p>[vc_row][vc_column][vc_custom_heading text=&#8221;Name it as you feel it&#8221; font_container=&#8221;tag:h1|text_align:left&#8221; use_theme_fonts=&#8221;yes&#8221;][vc_separator color=&#8221;juicy_pink&#8221; align=&#8221;align_left&#8221; border_width=&#8221;5&#8243; el_width=&#8221;10&#8243;][vc_column_text]<\/p>\n<div id=\"titre_page\">\n<h2 class=\"titre\">H\u00f4pital de Port Louis-Riantec, France<\/h2>\n<h3 class=\"titre\">Cr\u00e9ation de Michael Fliri<\/h3>\n<p class=\"texte\">\n<\/div>\n<p>[\/vc_column_text][vc_separator][vc_row_inner][vc_column_inner][vc_custom_heading text=&#8221;Le projet&#8221; use_theme_fonts=&#8221;yes&#8221;][vc_separator color=&#8221;juicy_pink&#8221; align=&#8221;align_left&#8221; border_width=&#8221;2&#8243; el_width=&#8221;10&#8243;][vc_column_text]<\/p>\n<p class=\"texte\">Dans le parc hospitalier, un arbre v\u00e9ritable qui tourne sur lui-m\u00eame et danse pr\u00e8s d\u2019un kiosque \u00e0 musique o\u00f9 l\u2019on entend le chant m\u00e9lodieux d\u2019invisibles oiseaux.<\/p>\n<p>[\/vc_column_text][\/vc_column_inner][\/vc_row_inner][\/vc_column][\/vc_row][vc_row disable_element=&#8221;yes&#8221;][vc_column][vc_custom_heading text=&#8221;Portrait de l&#8217;artiste&#8221; use_theme_fonts=&#8221;yes&#8221;][vc_separator color=&#8221;juicy_pink&#8221; align=&#8221;align_left&#8221; border_width=&#8221;2&#8243; el_width=&#8221;10&#8243;][vc_column_text]<\/p>\n<div id=\"titre_page\"><\/div>\n<div id=\"colonne_droite\">\n<p class=\"texte\">Stanislao Di Giugno, n\u00e9 en 1969 \u00e0 Rome, vit et travaille entre Rome et Berlin.<br \/>\nIl est repr\u00e9sent\u00e9 par la\u00a0<a title=\"Galerie Tiziana di Caro\" href=\"http:\/\/www.artdanslacite.eu\/site\/Galerie-Tiziana-di-Caro-fr-46-1.html\">galerie Tiziana di Caro<\/a>.<\/p>\n<p class=\"texte\">\n<\/div>\n<p>[\/vc_column_text][\/vc_column][\/vc_row][vc_row disable_element=&#8221;yes&#8221;][vc_column][vc_custom_heading text=&#8221;L&#8217;H\u00f4pital&#8221; use_theme_fonts=&#8221;yes&#8221;][vc_separator color=&#8221;juicy_pink&#8221; align=&#8221;align_left&#8221; border_width=&#8221;2&#8243; el_width=&#8221;10&#8243;][vc_column_text]<\/p>\n<div id=\"titre_page\">\u00a0<a title=\"Policlinico Umberto I\" href=\"http:\/\/www.artdanslacite.eu\/site\/Policlinico-Umberto-I-fr-47-1.html\">Site internet de la policlinico Umberto I<\/a><\/div>\n<div id=\"colonne_droite\">\n<p class=\"texte\">\n<\/div>\n<p>[\/vc_column_text][\/vc_column][\/vc_row][vc_row][vc_column][vc_custom_heading text=&#8221;La galerie photos&#8221; use_theme_fonts=&#8221;yes&#8221;][vc_separator color=&#8221;juicy_pink&#8221; align=&#8221;align_left&#8221; border_width=&#8221;2&#8243; el_width=&#8221;10&#8243;][vc_gallery type=&#8221;image_grid&#8221; images=&#8221;29628,29627&#8243; img_size=&#8221;&#8221;][\/vc_column][\/vc_row][vc_row disable_element=&#8221;yes&#8221;][vc_column][vc_custom_heading text=&#8221;La galerie vid\u00e9os&#8221; use_theme_fonts=&#8221;yes&#8221;][vc_separator color=&#8221;juicy_pink&#8221; align=&#8221;align_left&#8221; border_width=&#8221;2&#8243; el_width=&#8221;10&#8243;][\/vc_column][\/vc_row][vc_row disable_element=&#8221;yes&#8221;][vc_column width=&#8221;1\/2&#8243;][vc_video link=&#8221;https:\/\/vimeo.com\/207132233&#8243;][\/vc_column][vc_column width=&#8221;1\/2&#8243;][vc_video link=&#8221;https:\/\/vimeo.com\/242988167&#8243;][\/vc_column][\/vc_row][vc_row disable_element=&#8221;yes&#8221;][vc_column width=&#8221;1\/3&#8243;][vc_btn title=&#8221;Le blog du projet&#8221; style=&#8221;3d&#8221; color=&#8221;danger&#8221; size=&#8221;lg&#8221; i_icon_fontawesome=&#8221;fa fa-envira&#8221; link=&#8221;url:http%3A%2F%2Filluminartaquariumvirtuel.blogspot.fr%2F||target:%20_blank|&#8221; add_icon=&#8221;true&#8221;][\/vc_column][vc_column width=&#8221;1\/3&#8243;][vc_btn title=&#8221;Le film du projet&#8221; style=&#8221;3d&#8221; size=&#8221;lg&#8221; i_icon_fontawesome=&#8221;fa fa-film&#8221; link=&#8221;url:https%3A%2F%2Fvimeo.com%2F207132233||target:%20_blank|&#8221; add_icon=&#8221;true&#8221;][\/vc_column][vc_column width=&#8221;1\/3&#8243;][\/vc_column][\/vc_row]<\/p>\n<\/section>","protected":false},"excerpt":{"rendered":"<p>[vc_row][vc_column][vc_custom_heading text=&#8221;Name it as you feel it&#8221; font_container=&#8221;tag:h1|text_align:left&#8221; use_theme_fonts=&#8221;yes&#8221;][vc_separator color=&#8221;juicy_pink&#8221; align=&#8221;align_left&#8221; border_width=&#8221;5&#8243; el_width=&#8221;10&#8243;][vc_column_text] H\u00f4pital de Port Louis-Riantec, France Cr\u00e9ation de Michael Fliri [\/vc_column_text][vc_separator][vc_row_inner][vc_column_inner][vc_custom_heading text=&#8221;Le projet&#8221; use_theme_fonts=&#8221;yes&#8221;][vc_separator color=&#8221;juicy_pink&#8221; align=&#8221;align_left&#8221; border_width=&#8221;2&#8243; el_width=&#8221;10&#8243;][vc_column_text] Dans le parc hospitalier, un arbre v\u00e9ritable qui tourne sur<span class=\"excerpt-hellip\"> [\u2026]<\/span><\/p>\n","protected":false},"author":1,"featured_media":29611,"comment_status":"closed","ping_status":"open","sticky":false,"template":"","format":"standard","meta":{"footnotes":""},"categories":[102,84],"tags":[],"class_list":["post-30180","post","type-post","status-publish","format-standard","has-post-thumbnail","hentry","category-oeuvre-in-situ-en","category-realisations-en"],"_links":{"self":[{"href":"https:\/\/www.artdanslacite.eu\/en\/wp-json\/wp\/v2\/posts\/30180","targetHints":{"allow":["GET"]}}],"collection":[{"href":"https:\/\/www.artdanslacite.eu\/en\/wp-json\/wp\/v2\/posts"}],"about":[{"href":"https:\/\/www.artdanslacite.eu\/en\/wp-json\/wp\/v2\/types\/post"}],"author":[{"embeddable":true,"href":"https:\/\/www.artdanslacite.eu\/en\/wp-json\/wp\/v2\/users\/1"}],"replies":[{"embeddable":true,"href":"https:\/\/www.artdanslacite.eu\/en\/wp-json\/wp\/v2\/comments?post=30180"}],"version-history":[{"count":2,"href":"https:\/\/www.artdanslacite.eu\/en\/wp-json\/wp\/v2\/posts\/30180\/revisions"}],"predecessor-version":[{"id":33405,"href":"https:\/\/www.artdanslacite.eu\/en\/wp-json\/wp\/v2\/posts\/30180\/revisions\/33405"}],"wp:featuredmedia":[{"embeddable":true,"href":"https:\/\/www.artdanslacite.eu\/en\/wp-json\/wp\/v2\/media\/29611"}],"wp:attachment":[{"href":"https:\/\/www.artdanslacite.eu\/en\/wp-json\/wp\/v2\/media?parent=30180"}],"wp:term":[{"taxonomy":"category","embeddable":true,"href":"https:\/\/www.artdanslacite.eu\/en\/wp-json\/wp\/v2\/categories?post=30180"},{"taxonomy":"post_tag","embeddable":true,"href":"https:\/\/www.artdanslacite.eu\/en\/wp-json\/wp\/v2\/tags?post=30180"}],"curies":[{"name":"wp","href":"https:\/\/api.w.org\/{rel}","templated":true}]}}