{"id":30170,"date":"2011-02-20T14:23:09","date_gmt":"2011-02-20T13:23:09","guid":{"rendered":"https:\/\/www.artdanslacite.eu\/salines\/"},"modified":"2023-09-07T17:05:22","modified_gmt":"2023-09-07T15:05:22","slug":"salines","status":"publish","type":"post","link":"https:\/\/www.artdanslacite.eu\/en\/salines\/","title":{"rendered":"Salines"},"content":{"rendered":"<section class=\"wpb-content-wrapper\"><p>[vc_row][vc_column][vc_custom_heading text=&#8221;Salines&#8221; font_container=&#8221;tag:h1|text_align:left&#8221; use_theme_fonts=&#8221;yes&#8221;][vc_separator color=&#8221;juicy_pink&#8221; align=&#8221;align_left&#8221; border_width=&#8221;5&#8243; el_width=&#8221;10&#8243;][\/vc_column][\/vc_row][vc_row][vc_column][vc_column_text]<\/p>\n<h3><strong>AGNES CAFFIER MATERNITE L\u2019EVEILLON CH DE CHAMBERY<\/strong><\/h3>\n<h3><strong>2011 <\/strong><\/h3>\n<p>Installation multim\u00e9dia \u00a0destin\u00e9e aux diff\u00e9rents espaces de la maternit\u00e9\u00a0: 8 Ecrans vid\u00e9o, Cr\u00e9ation sonore pour les t\u00e9l\u00e9phones internes, Signal\u00e9tique pour les \u00a0Vitrines.[\/vc_column_text][\/vc_column][\/vc_row][vc_row][vc_column width=&#8221;1\/3&#8243;][vc_btn title=&#8221;Journal de bord&#8221; style=&#8221;3d&#8221; color=&#8221;danger&#8221; size=&#8221;lg&#8221; i_icon_fontawesome=&#8221;fa fa-envira&#8221; link=&#8221;url:https%3A%2F%2Fsalines2010.blogspot.fr%2F||target:%20_blank|&#8221; add_icon=&#8221;true&#8221;][\/vc_column][vc_column width=&#8221;1\/3&#8243;][vc_btn title=&#8221;Le film du projet&#8221; style=&#8221;3d&#8221; size=&#8221;lg&#8221; i_icon_fontawesome=&#8221;fa fa-film&#8221; link=&#8221;url:https%3A%2F%2Fvimeo.com%2F56981392||target:%20_blank|&#8221; add_icon=&#8221;true&#8221;][\/vc_column][vc_column width=&#8221;1\/3&#8243;][\/vc_column][\/vc_row]<\/p>\n<\/section>","protected":false},"excerpt":{"rendered":"<p>[vc_row][vc_column][vc_custom_heading text=&#8221;Salines&#8221; font_container=&#8221;tag:h1|text_align:left&#8221; use_theme_fonts=&#8221;yes&#8221;][vc_separator color=&#8221;juicy_pink&#8221; align=&#8221;align_left&#8221; border_width=&#8221;5&#8243; el_width=&#8221;10&#8243;][\/vc_column][\/vc_row][vc_row][vc_column][vc_column_text] AGNES CAFFIER MATERNITE L\u2019EVEILLON CH DE CHAMBERY 2011 Installation multim\u00e9dia \u00a0destin\u00e9e aux diff\u00e9rents espaces de la maternit\u00e9\u00a0: 8 Ecrans vid\u00e9o, Cr\u00e9ation sonore pour les t\u00e9l\u00e9phones internes, Signal\u00e9tique pour les \u00a0Vitrines.[\/vc_column_text][\/vc_column][\/vc_row][vc_row][vc_column width=&#8221;1\/3&#8243;][vc_btn title=&#8221;Journal<span class=\"excerpt-hellip\"> [\u2026]<\/span><\/p>\n","protected":false},"author":1,"featured_media":29669,"comment_status":"closed","ping_status":"open","sticky":false,"template":"","format":"standard","meta":{"footnotes":""},"categories":[102,84],"tags":[],"class_list":["post-30170","post","type-post","status-publish","format-standard","has-post-thumbnail","hentry","category-oeuvre-in-situ-en","category-realisations-en"],"_links":{"self":[{"href":"https:\/\/www.artdanslacite.eu\/en\/wp-json\/wp\/v2\/posts\/30170","targetHints":{"allow":["GET"]}}],"collection":[{"href":"https:\/\/www.artdanslacite.eu\/en\/wp-json\/wp\/v2\/posts"}],"about":[{"href":"https:\/\/www.artdanslacite.eu\/en\/wp-json\/wp\/v2\/types\/post"}],"author":[{"embeddable":true,"href":"https:\/\/www.artdanslacite.eu\/en\/wp-json\/wp\/v2\/users\/1"}],"replies":[{"embeddable":true,"href":"https:\/\/www.artdanslacite.eu\/en\/wp-json\/wp\/v2\/comments?post=30170"}],"version-history":[{"count":1,"href":"https:\/\/www.artdanslacite.eu\/en\/wp-json\/wp\/v2\/posts\/30170\/revisions"}],"predecessor-version":[{"id":30171,"href":"https:\/\/www.artdanslacite.eu\/en\/wp-json\/wp\/v2\/posts\/30170\/revisions\/30171"}],"wp:featuredmedia":[{"embeddable":true,"href":"https:\/\/www.artdanslacite.eu\/en\/wp-json\/wp\/v2\/media\/29669"}],"wp:attachment":[{"href":"https:\/\/www.artdanslacite.eu\/en\/wp-json\/wp\/v2\/media?parent=30170"}],"wp:term":[{"taxonomy":"category","embeddable":true,"href":"https:\/\/www.artdanslacite.eu\/en\/wp-json\/wp\/v2\/categories?post=30170"},{"taxonomy":"post_tag","embeddable":true,"href":"https:\/\/www.artdanslacite.eu\/en\/wp-json\/wp\/v2\/tags?post=30170"}],"curies":[{"name":"wp","href":"https:\/\/api.w.org\/{rel}","templated":true}]}}