{"id":30134,"date":"2018-03-29T09:12:40","date_gmt":"2018-03-29T07:12:40","guid":{"rendered":"https:\/\/www.artdanslacite.eu\/le-nouveau-conseil-dadministration\/"},"modified":"2018-06-16T14:44:28","modified_gmt":"2018-06-16T12:44:28","slug":"le-nouveau-conseil-dadministration","status":"publish","type":"post","link":"https:\/\/www.artdanslacite.eu\/en\/le-nouveau-conseil-dadministration\/","title":{"rendered":"Le nouveau Conseil d&#8217;administration"},"content":{"rendered":"<section class=\"wpb-content-wrapper\"><p>[vc_row][vc_column][vc_custom_heading text=&#8221;Le nouveau Conseil d&#8217;administration \u00e9lu&#8221; font_container=&#8221;tag:h1|text_align:left&#8221; use_theme_fonts=&#8221;yes&#8221;][vc_separator color=&#8221;juicy_pink&#8221; align=&#8221;align_left&#8221; border_width=&#8221;5&#8243; el_width=&#8221;10&#8243;][\/vc_column][\/vc_row][vc_row][vc_column][vc_column_text]<\/p>\n<h4><span class=\"TextRun SCXW163141990\" lang=\"FR-FR\" xml:lang=\"FR-FR\"><span class=\"NormalTextRun SCXW163141990\">L<\/span><\/span><span class=\"TextRun SCXW163141990\" lang=\"FR-FR\" xml:lang=\"FR-FR\"><span class=\"NormalTextRun SCXW163141990\">ors de son assembl\u00e9e g\u00e9n\u00e9rale, ADLC a \u00e9lu son nouveau conseil d\u2019administration compos\u00e9 de professionnels de l\u2019h\u00f4pital et du monde de l\u2019art.\u00a0<\/span><\/span><span class=\"EOP SCXW163141990\" data-ccp-props=\"{&quot;201341983&quot;:2,&quot;335559739&quot;:0,&quot;335559740&quot;:241}\">\u00a0<\/span><\/h4>\n<p>[\/vc_column_text][\/vc_column][\/vc_row][vc_row][vc_column][vc_custom_heading text=&#8221;Membres du Conseil&#8221; use_theme_fonts=&#8221;yes&#8221;][vc_separator color=&#8221;juicy_pink&#8221; align=&#8221;align_left&#8221; border_width=&#8221;2&#8243; el_width=&#8221;10&#8243;][\/vc_column][\/vc_row][vc_row][vc_column][vc_column_text]<b>Rachel BOCHER :\u00a0<\/b>Pr\u00e9sidente d\u2019Art dans la Cit\u00e9.\u00a0<span data-ccp-props=\"{&quot;201341983&quot;:2,&quot;335559739&quot;:0,&quot;335559740&quot;:241}\">\u00a0<\/span><\/p>\n<p>Directrice du P\u00f4le Psychiatrie du CHU de Nantes, \u00e9lue de la Ville de Nantes, Pr\u00e9sidente de la Cit\u00e9 des Congr\u00e8s, Pr\u00e9sidente de l\u2019Intersyndicale Nationale des praticiens Hospitaliers.\u00a0<span data-ccp-props=\"{&quot;201341983&quot;:2,&quot;335559739&quot;:0,&quot;335559740&quot;:241}\">\u00a0<\/span><\/p>\n<p><span data-ccp-props=\"{&quot;201341983&quot;:2,&quot;335559739&quot;:0,&quot;335559740&quot;:241}\">\u00a0<\/span><\/p>\n<p><b>Rapha\u00ebl VIALLE :\u00a0<\/b>Secr\u00e9taire g\u00e9n\u00e9ral d\u2019Art dans la Cit\u00e9.\u00a0<span data-ccp-props=\"{&quot;201341983&quot;:2,&quot;335559739&quot;:0,&quot;335559740&quot;:241}\">\u00a0<\/span><\/p>\n<p>Professeur de Chirurgie Infantile (PUPH) \u00e0 l\u2019Universit\u00e9 Pierre et Marie Curie, Chef du Service de Chirurgie Orthop\u00e9dique et R\u00e9paratrice de l\u2019Enfant \u00e0 l\u2019H\u00f4pital Armand Trousseau \u2013 APHP \u2013 Paris.\u00a0<span data-ccp-props=\"{&quot;201341983&quot;:2,&quot;335559739&quot;:0,&quot;335559740&quot;:241}\">\u00a0<\/span><\/p>\n<p><span data-ccp-props=\"{&quot;201341983&quot;:2,&quot;335559739&quot;:0,&quot;335559740&quot;:241}\">\u00a0<\/span><\/p>\n<p><b>Olivier GALAVERNA :\u00a0<\/b>Tr\u00e9sorier.\u00a0<span data-ccp-props=\"{&quot;201341983&quot;:2,&quot;335559739&quot;:0,&quot;335559740&quot;:241}\">\u00a0<\/span><\/p>\n<p>Conseiller scientifique, docteur en neurosciences, neuropsychologue.\u00a0<span data-ccp-props=\"{&quot;201341983&quot;:2,&quot;335559739&quot;:0,&quot;335559740&quot;:241}\">\u00a0<\/span><\/p>\n<p><span data-ccp-props=\"{&quot;201341983&quot;:2,&quot;335559739&quot;:0,&quot;335559740&quot;:241}\">\u00a0<\/span><\/p>\n<p><b>Catherine BONHOMME :\u00a0<\/b>Vice-Secr\u00e9taire g\u00e9n\u00e9rale d\u2019Art dans la Cit\u00e9.\u00a0<span data-ccp-props=\"{&quot;201341983&quot;:2,&quot;335559739&quot;:0,&quot;335559740&quot;:241}\">\u00a0<\/span><\/p>\n<p>R\u00e9dactrice en Chef adjointe de la Revue Hospitali\u00e8re de France.\u00a0<span data-ccp-props=\"{&quot;201341983&quot;:2,&quot;335559739&quot;:0,&quot;335559740&quot;:241}\">\u00a0<\/span><\/p>\n<p><span data-ccp-props=\"{&quot;201341983&quot;:2,&quot;335559739&quot;:0,&quot;335559740&quot;:241}\">\u00a0<\/span><\/p>\n<p><b>Rachel EVEN :\u00a0<\/b>D\u00e9l\u00e9gu\u00e9e g\u00e9n\u00e9rale et directrice artistique.\u00a0<span data-ccp-props=\"{&quot;201341983&quot;:2,&quot;335559739&quot;:0,&quot;335559740&quot;:241}\">\u00a0<\/span><\/p>\n<p><span data-ccp-props=\"{&quot;201341983&quot;:2,&quot;335559739&quot;:0,&quot;335559740&quot;:241}\">\u00a0<\/span><\/p>\n<p><b>Michel de la CHENNELIERE :\u00a0<\/b>Editeur, homme d\u2019affaires et philanthrope canadien, il est \u00e0 l\u2019origine de la cr\u00e9ation de L\u2019Atelier International d\u2019\u00e9ducation et d\u2019art-th\u00e9rapie Michel de la\u00a0Cheneli\u00e8re, Mus\u00e9e des Beaux-Arts de Montr\u00e9al.\u00a0<span data-ccp-props=\"{&quot;201341983&quot;:2,&quot;335559739&quot;:0,&quot;335559740&quot;:241}\">\u00a0<\/span><\/p>\n<p><span data-ccp-props=\"{&quot;201341983&quot;:2,&quot;335559739&quot;:0,&quot;335559740&quot;:241}\">\u00a0<\/span><\/p>\n<p><b>Jacques DESCHAMPS :\u00a0<\/b>Vice-pr\u00e9sident et Secr\u00e9taire G\u00e9n\u00e9ral de la Ligue contre le Cancer, Directeur d\u2019h\u00f4pital honoraire, Pr\u00e9sident des Amis du Mus\u00e9e de l\u2019AP-HP.\u00a0<span data-ccp-props=\"{&quot;201341983&quot;:2,&quot;335559739&quot;:0,&quot;335559740&quot;:241}\">\u00a0<\/span><\/p>\n<p><span data-ccp-props=\"{&quot;201341983&quot;:2,&quot;335559739&quot;:0,&quot;335559740&quot;:241}\">\u00a0<\/span><\/p>\n<p><b>Jean-Marc DIMANCHE :\u00a0<\/b>Sp\u00e9cialiste de l\u2019artisanat d\u2019art et de l\u2019art contemporain, Conseil en\u00a0\u00a0d\u00e9veloppement et strat\u00e9gie d\u2019image et de marque, Jean Marc a cr\u00e9\u00e9 Dimanche\u00a0Factory\u00a0et Maison\u00a0<span data-ccp-props=\"{&quot;201341983&quot;:2,&quot;335559739&quot;:0,&quot;335559740&quot;:241}\">\u00a0<\/span><\/p>\n<p>Parisienne. Conseil artistique au\u00a0Grand-Duch\u00e9\u00a0du Luxembourg.\u00a0<span data-ccp-props=\"{&quot;201341983&quot;:2,&quot;335559739&quot;:0,&quot;335559740&quot;:241}\">\u00a0<\/span><\/p>\n<p><span data-ccp-props=\"{&quot;201341983&quot;:2,&quot;335559739&quot;:0,&quot;335559740&quot;:241}\">\u00a0<\/span><\/p>\n<p><b>Isabelle LUZORO :\u00a0<\/b>Sp\u00e9cialiste d\u2019art contemporain, Secr\u00e9taire G\u00e9n\u00e9rale des amis du Mus\u00e9e d\u2019Art\u00a0<span data-ccp-props=\"{&quot;201341983&quot;:2,&quot;335559739&quot;:0,&quot;335559740&quot;:241}\">\u00a0<\/span><\/p>\n<p>Moderne et d\u2019Art Contemporain (MAMAC) de Nice.\u00a0<span data-ccp-props=\"{&quot;201341983&quot;:2,&quot;335559739&quot;:0,&quot;335559740&quot;:241}\">\u00a0<\/span><\/p>\n<p><span data-ccp-props=\"{&quot;201341983&quot;:2,&quot;335559739&quot;:0,&quot;335559740&quot;:241}\">\u00a0<\/span><\/p>\n<p><b>Fr\u00e9d\u00e9rique MALEFANT :\u00a0<\/b>Historienne de l\u2019art et D\u00e9l\u00e9gu\u00e9e g\u00e9n\u00e9rale de\u00a0BeeoTop, espace de 6 500 m2, situ\u00e9 Porte de Clichy, d\u00e9di\u00e9 aux acteurs de la solidarit\u00e9 et du d\u00e9veloppement durable.\u00a0<span data-ccp-props=\"{&quot;201341983&quot;:2,&quot;335559739&quot;:0,&quot;335559740&quot;:241}\">\u00a0<\/span><\/p>\n<p><span data-ccp-props=\"{&quot;201341983&quot;:2,&quot;335559739&quot;:0,&quot;335559740&quot;:241}\">\u00a0<\/span><\/p>\n<p><b>Professeur Didier SICARD :\u00a0<\/b>Ancien pr\u00e9sident du Comit\u00e9 consultatif national d\u2019\u00e9thique, Professeur de m\u00e9decine \u00e0 l\u2019universit\u00e9 Paris Descartes, il a \u00e9t\u00e9 chef de service de m\u00e9decine interne \u00e0 l\u2019h\u00f4pital Cochin.\u00a0<span data-ccp-props=\"{&quot;201341983&quot;:2,&quot;335559739&quot;:0,&quot;335559740&quot;:241}\">\u00a0<\/span>[\/vc_column_text][\/vc_column][\/vc_row][vc_row][vc_column][vc_column_text]<a href=\"https:\/\/www.artdanslacite.eu\/our-team\/?lang=en\">Toute l&#8217;\u00e9quipe Art dans la cit\u00e9<\/a>[\/vc_column_text][\/vc_column][\/vc_row]<\/p>\n<\/section>","protected":false},"excerpt":{"rendered":"<p>Lors de son assembl\u00e9e g\u00e9n\u00e9rale, ADLC a \u00e9lu son nouveau conseil d\u2019administration compos\u00e9 de professionnels de l\u2019h\u00f4pital et du monde de l\u2019art.\u00a0\u00a0<\/p>\n","protected":false},"author":1,"featured_media":30369,"comment_status":"closed","ping_status":"closed","sticky":false,"template":"","format":"standard","meta":{"footnotes":""},"categories":[74],"tags":[],"class_list":["post-30134","post","type-post","status-publish","format-standard","has-post-thumbnail","hentry","category-news-en"],"_links":{"self":[{"href":"https:\/\/www.artdanslacite.eu\/en\/wp-json\/wp\/v2\/posts\/30134","targetHints":{"allow":["GET"]}}],"collection":[{"href":"https:\/\/www.artdanslacite.eu\/en\/wp-json\/wp\/v2\/posts"}],"about":[{"href":"https:\/\/www.artdanslacite.eu\/en\/wp-json\/wp\/v2\/types\/post"}],"author":[{"embeddable":true,"href":"https:\/\/www.artdanslacite.eu\/en\/wp-json\/wp\/v2\/users\/1"}],"replies":[{"embeddable":true,"href":"https:\/\/www.artdanslacite.eu\/en\/wp-json\/wp\/v2\/comments?post=30134"}],"version-history":[{"count":1,"href":"https:\/\/www.artdanslacite.eu\/en\/wp-json\/wp\/v2\/posts\/30134\/revisions"}],"predecessor-version":[{"id":30135,"href":"https:\/\/www.artdanslacite.eu\/en\/wp-json\/wp\/v2\/posts\/30134\/revisions\/30135"}],"wp:featuredmedia":[{"embeddable":true,"href":"https:\/\/www.artdanslacite.eu\/en\/wp-json\/wp\/v2\/media\/30369"}],"wp:attachment":[{"href":"https:\/\/www.artdanslacite.eu\/en\/wp-json\/wp\/v2\/media?parent=30134"}],"wp:term":[{"taxonomy":"category","embeddable":true,"href":"https:\/\/www.artdanslacite.eu\/en\/wp-json\/wp\/v2\/categories?post=30134"},{"taxonomy":"post_tag","embeddable":true,"href":"https:\/\/www.artdanslacite.eu\/en\/wp-json\/wp\/v2\/tags?post=30134"}],"curies":[{"name":"wp","href":"https:\/\/api.w.org\/{rel}","templated":true}]}}