{"id":30133,"date":"2018-04-29T18:55:32","date_gmt":"2018-04-29T16:55:32","guid":{"rendered":"https:\/\/www.artdanslacite.eu\/en-2018-art-dans-la-cite-aura-18-ans\/"},"modified":"2018-04-29T18:55:32","modified_gmt":"2018-04-29T16:55:32","slug":"en-2018-art-dans-la-cite-aura-18-ans","status":"publish","type":"post","link":"https:\/\/www.artdanslacite.eu\/en\/en-2018-art-dans-la-cite-aura-18-ans\/","title":{"rendered":"En 2018 Art dans la Cit\u00e9 aura 18 ans!"},"content":{"rendered":"<section class=\"wpb-content-wrapper\"><p>[vc_row][vc_column][vc_custom_heading text=&#8221;En 2018 Art dans la Cit\u00e9 aura 18 ans!&#8221; font_container=&#8221;tag:h1|text_align:left&#8221; use_theme_fonts=&#8221;yes&#8221;][vc_separator color=&#8221;juicy_pink&#8221; align=&#8221;align_left&#8221; border_width=&#8221;5&#8243; el_width=&#8221;10&#8243;][vc_row_inner][vc_column_inner][vc_column_text]<\/p>\n<h2 class=\"accroche\"><strong>En 2018, Art Dans La Cit\u00e9 aura 18 ans, cet anniversaire sera ponctu\u00e9, jusqu&#8217;en 2020, par plusieurs \u00e9v\u00e8nements qui vont nous permettre de partager avec vous cette incroyable aventure au cours de laquelle nous avons produit plus d&#8217;une centaine d&#8217;<\/strong><strong>oeuvres d\u2019art originales.<\/strong>\u00a0<strong>Ces cr\u00e9ations innovantes, r\u00e9alis\u00e9es avec le concours de tant d&#8217;artistes ing\u00e9nieux, ont \u00e9t\u00e9\u00a0<\/strong><strong>install\u00e9es<\/strong><strong>\u00a0durablement pour le b\u00e9n\u00e9fice d&#8217;h\u00f4pitaux dans le monde entier.\u00a0<\/strong><strong>Dessins, peintures, sculptures, photographies, vid\u00e9os et cr\u00e9ations num\u00e9riques interactives, accompagnent d\u00e9sormais le quotidien de nombreux patients et personnels \u00e0 l&#8217;h\u00f4pital<\/strong><\/h2>\n<p class=\"texte\"><strong>L&#8217;art r\u00e9pond au besoin d&#8217;\u00e9motion esth\u00e9tique essentiel \u00e0 tout \u00eatre humain, il<\/strong>\u00a0<strong>est un vecteur de bien \u00eatre, nous en sommes convaincus.\u00a0<\/strong><strong>C\u2019est pour cela qu\u2019il a toute sa place dans les lieux de soin. Il revendique un pouvoir curateur, une am\u00e9lioration de l\u2019estime de soi, une r\u00e9duction de la douleur ou de l\u2019angoisse.\u00a0<\/strong><strong>Art dans la Cit\u00e9 fait partie des pionniers qui ont su tr\u00e8s t\u00f4t mesurer l\u2019impact de l&#8217;art pour apporter du mieux \u00eatre. Les r\u00e9sultats obtenus sont \u00e0 la hauteur de nos esp\u00e9rances, bien qu\u2019il reste encore beaucoup \u00e0 faire.\u00a0<\/strong><strong>C\u2019est pourquoi nous allons poursuivre notre d\u00e9marche, en l\u2019intensifiant. Ainsi, jusqu&#8217;en 2020, nous avon trois priorit\u00e9s : faire conna\u00eetre Art dans la Cit\u00e9 et les actions engag\u00e9es depuis 18 ans, questionner la place de l&#8217;art dans le milieu hospitalier, en organisant des &#8220;conversations&#8221; sur le sujet et en cr\u00e9ant une oeuvre significative et symbolique de cet anniversaire, et enfin, d\u00e9velopper nos actions de m\u00e9c\u00e9nat et de partenariats\u00a0<\/strong><\/p>\n<p><strong>Merci de nous accompagner !<\/strong><\/p>\n<p class=\"commentaire\"><strong>ART DANS LA CITE CE SONT : \u00a0<\/strong><\/p>\n<p class=\"commentaire\"><strong>Des oeuvres pour les espaces d&#8217;accueil et d&#8217;attente :<\/strong><\/p>\n<p class=\"commentaire\"><strong><img decoding=\"async\" id=\"image673\" src=\"http:\/\/www.artdanslacite.eu\/medias\/images\/planetarium_musical_interactif1.jpg\" alt=\"\" \/><\/strong><\/p>\n<h3 class=\"titre\" align=\"center\"><strong><span class=\"commentaire\">A. Garcia, Plan\u00e9tarium musical interactif, 2016, accueil Johns Hopkins Children Center Baltimore USA<\/span><\/strong><\/h3>\n<p class=\"titre\" align=\"center\"><strong><img decoding=\"async\" id=\"image674\" src=\"http:\/\/www.artdanslacite.eu\/medias\/images\/rotondes_plafonds_peints_foch.jpg\" alt=\"\" \/><\/strong><\/p>\n<h3 class=\"titre\" align=\"center\"><strong><span class=\"commentaire\">O.Baudeloque, E Bouanna, 2014, Plafonds des rotondes d&#8217;attente H\u00f4pital Foch<\/span><br \/>\n<\/strong><\/h3>\n<h3 class=\"titre\" align=\"center\"><strong><span class=\"commentaire\">Des oeuvres pour les espaces de circulation :<\/span><\/strong><\/h3>\n<p class=\"titre\" align=\"center\"><strong><img decoding=\"async\" id=\"image675\" src=\"http:\/\/www.artdanslacite.eu\/medias\/images\/o_masmonteil_paintures_de_paysage.jpg\" alt=\"\" \/><\/strong><\/p>\n<p class=\"titre\" align=\"center\"><img decoding=\"async\" id=\"image677\" src=\"http:\/\/www.artdanslacite.eu\/medias\/images\/2005_1_olivier_masmonteil_peintures_de_paysage_re.jpg\" alt=\"\" \/><\/p>\n<p class=\"titre\" align=\"center\"><img decoding=\"async\" id=\"image678\" src=\"http:\/\/www.artdanslacite.eu\/medias\/images\/2005_3_olivier_masmonteil_peintures_de_paysage_52.jpg\" alt=\"\" \/><\/p>\n<p class=\"commentaire\">O. Masmonteil, 2004-2005, Peintures de paysages, Couloirs du CH de Pontoise<\/p>\n<p class=\"commentaire\"><img decoding=\"async\" id=\"image679\" src=\"http:\/\/www.artdanslacite.eu\/medias\/images\/2002_lejman_23.jpg\" alt=\"\" \/><\/p>\n<p class=\"commentaire\">D. Lejman, Fantastic Cartography, 2002, Couloir Clinique p\u00e9diatrique de Varsovie<\/p>\n<h3 class=\"titre\" align=\"center\"><strong><span class=\"commentaire\">Oeuvres interactives qui r\u00e9agissent au comportement des spectateurs<\/span><\/strong><\/h3>\n<p class=\"titre\" align=\"center\"><strong><span class=\"commentaire\"><img decoding=\"async\" id=\"image680\" src=\"http:\/\/www.artdanslacite.eu\/medias\/images\/2013_interactive_touch_tables_bd_re.jpg\" alt=\"\" \/><\/span><\/strong><\/p>\n<h3 class=\"titre\" align=\"center\"><strong><span class=\"commentaire\">S. Torres, Tableau Tactile, 2013, CHU de Nantes<\/span><\/strong><\/h3>\n<p class=\"titre\" align=\"center\"><strong><span class=\"commentaire\"><img decoding=\"async\" id=\"image681\" src=\"http:\/\/www.artdanslacite.eu\/medias\/images\/2014_la_demesure_atelier_re.jpg\" alt=\"\" \/><\/span><\/strong><\/p>\n<h3 class=\"titre\" align=\"center\"><strong><span class=\"commentaire\">F. Peri\u00e9, La D\u00e9mesure du Possible, 2014, ICP de Nice<\/span><\/strong><\/h3>\n<p class=\"titre\" align=\"center\"><strong><span class=\"commentaire\"><img decoding=\"async\" id=\"image682\" src=\"http:\/\/www.artdanslacite.eu\/medias\/images\/dessin_necker_imp_bd.jpg\" alt=\"\" \/><\/span><\/strong><\/p>\n<h3 class=\"titre\" align=\"center\"><strong><span class=\"commentaire\">A Garcia, Plan\u00e9tarium Interactif, 2016, CH Necker Paris<\/span><\/strong><\/h3>\n<p class=\"titre\" align=\"center\"><strong><span class=\"commentaire\"><img decoding=\"async\" id=\"image683\" src=\"http:\/\/www.artdanslacite.eu\/medias\/images\/photo_aquarium_plaquette.jpg\" alt=\"\" \/><\/span><\/strong><\/p>\n<h3 class=\"titre\" align=\"center\"><strong><span class=\"commentaire\">Louise Mercadier, Aquarium Virtuel, 2017, Film d&#8217;Animation<\/span><\/strong><\/h3>\n<h3 class=\"titre\" align=\"center\"><strong><span class=\"commentaire\">Dans les chambres et les espaces de d\u00e9tente : ILLUMINART<\/span><\/strong><\/h3>\n<h3 class=\"titre\" align=\"center\"><strong><span class=\"commentaire\">Dispositif nomade qui projette des contenus interactifs choisis par le spectateur<\/span><\/strong><\/h3>\n<h3 class=\"titre\" align=\"center\">\u00a0<strong><span class=\"commentaire\"><img decoding=\"async\" id=\"image685\" src=\"http:\/\/www.artdanslacite.eu\/medias\/images\/3_illuminart_immersive_art_work1.jpg\" alt=\"\" \/><\/span><\/strong><\/h3>\n<h3 class=\"titre\" align=\"center\"><strong><span class=\"commentaire\">En 2018 ILLUMINART va int\u00e9grer de nouveaux contenus :<\/span><\/strong><\/h3>\n<h3 class=\"titre\" align=\"center\"><strong><span class=\"commentaire\">Des Ballades multisensorielles dans la nature et des promenades au mus\u00e9e<\/span><\/strong><\/h3>\n<h3 class=\"titre\" align=\"center\"><strong><span class=\"commentaire\">A suivre&#8230;<\/span><\/strong><\/h3>\n<p>[\/vc_column_text][\/vc_column_inner][\/vc_row_inner][\/vc_column][\/vc_row]<\/p>\n<\/section>","protected":false},"excerpt":{"rendered":"<p>Cet anniversaire sera ponctu\u00e9, jusqu&#8217;en 2020, par plusieurs \u00e9v\u00e9nements qui vont nous permettre de partager avec vous cette incroyable aventure.<\/p>\n","protected":false},"author":1,"featured_media":29545,"comment_status":"closed","ping_status":"closed","sticky":false,"template":"","format":"standard","meta":{"footnotes":""},"categories":[74],"tags":[],"class_list":["post-30133","post","type-post","status-publish","format-standard","has-post-thumbnail","hentry","category-news-en"],"_links":{"self":[{"href":"https:\/\/www.artdanslacite.eu\/en\/wp-json\/wp\/v2\/posts\/30133","targetHints":{"allow":["GET"]}}],"collection":[{"href":"https:\/\/www.artdanslacite.eu\/en\/wp-json\/wp\/v2\/posts"}],"about":[{"href":"https:\/\/www.artdanslacite.eu\/en\/wp-json\/wp\/v2\/types\/post"}],"author":[{"embeddable":true,"href":"https:\/\/www.artdanslacite.eu\/en\/wp-json\/wp\/v2\/users\/1"}],"replies":[{"embeddable":true,"href":"https:\/\/www.artdanslacite.eu\/en\/wp-json\/wp\/v2\/comments?post=30133"}],"version-history":[{"count":0,"href":"https:\/\/www.artdanslacite.eu\/en\/wp-json\/wp\/v2\/posts\/30133\/revisions"}],"wp:featuredmedia":[{"embeddable":true,"href":"https:\/\/www.artdanslacite.eu\/en\/wp-json\/wp\/v2\/media\/29545"}],"wp:attachment":[{"href":"https:\/\/www.artdanslacite.eu\/en\/wp-json\/wp\/v2\/media?parent=30133"}],"wp:term":[{"taxonomy":"category","embeddable":true,"href":"https:\/\/www.artdanslacite.eu\/en\/wp-json\/wp\/v2\/categories?post=30133"},{"taxonomy":"post_tag","embeddable":true,"href":"https:\/\/www.artdanslacite.eu\/en\/wp-json\/wp\/v2\/tags?post=30133"}],"curies":[{"name":"wp","href":"https:\/\/api.w.org\/{rel}","templated":true}]}}