{"id":29043,"date":"2018-05-03T08:10:03","date_gmt":"2018-05-03T06:10:03","guid":{"rendered":"https:\/\/www.artdanslacite.eu\/art-dans-la-cite-creative-depuis-18-ans\/"},"modified":"2018-05-18T09:59:35","modified_gmt":"2018-05-18T07:59:35","slug":"art-dans-la-cite-18-ans-de-creation","status":"publish","type":"post","link":"https:\/\/www.artdanslacite.eu\/en\/art-dans-la-cite-18-ans-de-creation\/","title":{"rendered":"Art dans la Cit\u00e9, 18 ans de cr\u00e9ation"},"content":{"rendered":"<section class=\"wpb-content-wrapper\"><p>[vc_row][vc_column][vc_custom_heading text=&#8221;Art dans la Cit\u00e9, 18 ans de cr\u00e9ation&#8221; font_container=&#8221;tag:h1|text_align:left&#8221; use_theme_fonts=&#8221;yes&#8221;][vc_separator color=&#8221;juicy_pink&#8221; align=&#8221;align_left&#8221; border_width=&#8221;5&#8243; el_width=&#8221;10&#8243;][\/vc_column][\/vc_row][vc_row][vc_column][vc_column_text]<\/p>\n<h4><span class=\"TextRun SCXW87762880\" lang=\"FR-FR\" xml:lang=\"FR-FR\"><span class=\"NormalTextRun SCXW87762880\">Pour f\u00eater ses 18 ans, Art dans la cit\u00e9 souhaite mieux faire conna\u00eetre ses cr\u00e9ations innovantes qui accompagnent aujourd\u2019hui le quotidien de nombreux patients et le personnel m\u00e9dical \u00e0 l\u2019h\u00f4pital.<\/span><\/span><span class=\"EOP SCXW87762880\" data-ccp-props=\"{&quot;201341983&quot;:2,&quot;335559739&quot;:0,&quot;335559740&quot;:241}\">\u00a0<\/span><\/h4>\n<p>[\/vc_column_text][\/vc_column][\/vc_row][vc_row][vc_column][vc_custom_heading text=&#8221;L\u2019innovation au service du mieux-\u00eatre&#8221; use_theme_fonts=&#8221;yes&#8221;][vc_separator color=&#8221;juicy_pink&#8221; align=&#8221;align_left&#8221; border_width=&#8221;2&#8243; el_width=&#8221;10&#8243;][\/vc_column][\/vc_row][vc_row][vc_column][vc_column_text]<span class=\"TextRun SCXW134723311\" lang=\"FR-FR\" xml:lang=\"FR-FR\"><span class=\"NormalTextRun SCXW134723311\">ILLUMINART &amp; Les ballades multi sensorielles est le dernier programme imagin\u00e9 et cr\u00e9\u00e9 par Art dans la Cit\u00e9. C\u2019est un dispositif num\u00e9rique innovant et nomade, con\u00e7u pour les chambres et les espaces de soin de l\u2019h\u00f4pital. Il projette des contenus artistiques, interactifs et immersifs, choisis par l\u2019utilisateur, associant le visuel, le sonore et bient\u00f4t l\u2019olfactif. Compagnon id\u00e9al du patient, il participe au proces<\/span><\/span><span class=\"TextRun SCXW134723311\" lang=\"FR-FR\" xml:lang=\"FR-FR\"><span class=\"NormalTextRun SCXW134723311\">sus de gu\u00e9rison en faisant dispara\u00eetre l\u2019environnement m\u00e9dicalis\u00e9 et apporte du mieux-\u00eatre au\u00a0<\/span><\/span><span class=\"TextRun SCXW134723311\" lang=\"FR-FR\" xml:lang=\"FR-FR\"><span class=\"NormalTextRun SCXW134723311\">c\u0153ur<\/span><\/span><span class=\"TextRun SCXW134723311\" lang=\"FR-FR\" xml:lang=\"FR-FR\"><span class=\"NormalTextRun SCXW134723311\">\u00a0m\u00eame de l\u2019h\u00f4pital. Il contribue notoirement \u00e0 la gu\u00e9rison et am\u00e9liore la qualit\u00e9 de l\u2019accueil et du s\u00e9jour du patient et de ses proches, ainsi que les conditions de travail du personnel. Install\u00e9 dans une dizaine d\u2019h\u00f4pitaux en France aujourd\u2019hui, ayant fait ses preuves sur les aspects divertissants, p\u00e9dagogiques et th\u00e9rapeutiques, nous allons le d\u00e9ployer largement afin de toucher le maximum de b\u00e9n\u00e9ficiaires.<\/span><\/span><span class=\"EOP SCXW134723311\" data-ccp-props=\"{&quot;201341983&quot;:2,&quot;335559739&quot;:0,&quot;335559740&quot;:241}\">\u00a0<\/span>[\/vc_column_text][\/vc_column][\/vc_row][vc_row][vc_column][vc_custom_heading text=&#8221;18 ans d\u2019exp\u00e9rience, de savoir-faire et de cr\u00e9ation au service des patients&#8221; use_theme_fonts=&#8221;yes&#8221;][vc_separator color=&#8221;juicy_pink&#8221; align=&#8221;align_left&#8221; border_width=&#8221;2&#8243; el_width=&#8221;10&#8243;][\/vc_column][\/vc_row][vc_row][vc_column][vc_column_text]Fond\u00e9e dans les ann\u00e9es 2000, Art dans la Cit\u00e9 fait partie des pionniers qui ont su tr\u00e8s t\u00f4t mesurer l\u2019impact de l\u2019art pour apporter du\u00a0mieux-\u00eatre. 100\u00a0\u0153uvres\u00a0cr\u00e9\u00e9es avec le concours d\u2019une soixantaine d\u2019artistes confirm\u00e9s ou \u00e9mergents touchant ainsi des milliers de patients. 80 h\u00f4pitaux en France et dans le monde b\u00e9n\u00e9ficiaires.\u00a0<span data-ccp-props=\"{&quot;201341983&quot;:2,&quot;335559739&quot;:0,&quot;335559740&quot;:241}\">\u00a0<\/span><\/p>\n<p>Pour Art dans la Cit\u00e9, l\u2019art permet aux patients d\u2019exprimer des valeurs positives en sortant de la passivit\u00e9 du soin et les soulage du stress de l\u2019hospitalisation. Le soin peut tirer avantage de la pr\u00e9sence des arts qui apporte \u00e0 l\u2019h\u00f4pital une dimension spirituelle essentielle car tellement humaine.<span data-ccp-props=\"{&quot;201341983&quot;:2,&quot;335559739&quot;:0,&quot;335559740&quot;:241}\">\u00a0<\/span>[\/vc_column_text][\/vc_column][\/vc_row][vc_row][vc_column][vc_custom_heading text=&#8221;Art dans la Cit\u00e9 est au c\u0153ur de nouvelles pratiques et facilite un champ de savoirs novateurs en plein essor&#8221; use_theme_fonts=&#8221;yes&#8221;][vc_separator color=&#8221;juicy_pink&#8221; align=&#8221;align_left&#8221; border_width=&#8221;2&#8243; el_width=&#8221;10&#8243;][\/vc_column][\/vc_row][vc_row][vc_column][vc_column_text]<\/p>\n<blockquote><p>Ce qui soigne et fait du bien, c\u2019est notamment que la personne retrouve le libre jeu de la cr\u00e9ativit\u00e9 sous le regard de l\u2019autre. Ainsi \u00ab Art dans la Cit\u00e9 \u00bb permet de stimuler de nombreux dialogues entre le monde des Arts et le monde de l\u2019h\u00f4pital. L\u2019art comme transformation du social, interroge le rapport entre l\u2019intime et le collectif et permet de poser les bases pour un mieux vivre ensemble.<\/p>\n<p>Mon r\u00e9cent engagement au sein d\u2019Art dans la Cit\u00e9 r\u00e9sulte de la somme de mes diff\u00e9rentes responsabilit\u00e9s \u00e0 savoir M\u00e9decin Chef de Service au CHU de Nantes, Pr\u00e9sidente de l\u2019Intersyndicat\u00a0des\u00a0Practiciens\u00a0Hospitaliers en France (INPH) et enfin Elue \u00e0 la ville de Nantes, je pr\u00e9side la Cit\u00e9 des Congr\u00e8s.<\/p>\n<p>Rachel\u00a0Bocher, Pr\u00e9sidente de l\u2019Association Art dans la Cit\u00e9.<\/p><\/blockquote>\n<p>[\/vc_column_text][\/vc_column][\/vc_row]<\/p>\n<\/section>","protected":false},"excerpt":{"rendered":"<p>Nous souhaitons mieux faire conna\u00eetre nos cr\u00e9ations innovantes qui accompagnent le quotidien de nombreux patients et le personnel m\u00e9dical \u00e0 l\u2019h\u00f4pital.\u00a0<\/p>\n","protected":false},"author":1,"featured_media":29100,"comment_status":"closed","ping_status":"closed","sticky":false,"template":"","format":"standard","meta":{"footnotes":""},"categories":[74],"tags":[],"class_list":["post-29043","post","type-post","status-publish","format-standard","has-post-thumbnail","hentry","category-news-en"],"_links":{"self":[{"href":"https:\/\/www.artdanslacite.eu\/en\/wp-json\/wp\/v2\/posts\/29043","targetHints":{"allow":["GET"]}}],"collection":[{"href":"https:\/\/www.artdanslacite.eu\/en\/wp-json\/wp\/v2\/posts"}],"about":[{"href":"https:\/\/www.artdanslacite.eu\/en\/wp-json\/wp\/v2\/types\/post"}],"author":[{"embeddable":true,"href":"https:\/\/www.artdanslacite.eu\/en\/wp-json\/wp\/v2\/users\/1"}],"replies":[{"embeddable":true,"href":"https:\/\/www.artdanslacite.eu\/en\/wp-json\/wp\/v2\/comments?post=29043"}],"version-history":[{"count":3,"href":"https:\/\/www.artdanslacite.eu\/en\/wp-json\/wp\/v2\/posts\/29043\/revisions"}],"predecessor-version":[{"id":29114,"href":"https:\/\/www.artdanslacite.eu\/en\/wp-json\/wp\/v2\/posts\/29043\/revisions\/29114"}],"wp:featuredmedia":[{"embeddable":true,"href":"https:\/\/www.artdanslacite.eu\/en\/wp-json\/wp\/v2\/media\/29100"}],"wp:attachment":[{"href":"https:\/\/www.artdanslacite.eu\/en\/wp-json\/wp\/v2\/media?parent=29043"}],"wp:term":[{"taxonomy":"category","embeddable":true,"href":"https:\/\/www.artdanslacite.eu\/en\/wp-json\/wp\/v2\/categories?post=29043"},{"taxonomy":"post_tag","embeddable":true,"href":"https:\/\/www.artdanslacite.eu\/en\/wp-json\/wp\/v2\/tags?post=29043"}],"curies":[{"name":"wp","href":"https:\/\/api.w.org\/{rel}","templated":true}]}}